{"id":21443,"date":"2026-04-08T14:57:04","date_gmt":"2026-04-08T14:57:04","guid":{"rendered":"https:\/\/www.libertas.hr\/?p=21443"},"modified":"2026-04-08T14:58:31","modified_gmt":"2026-04-08T14:58:31","slug":"libertas-talks-izvan-studija-nova-snimanja-donose-aktualne-europske-teme-i-istaknute-goste","status":"publish","type":"post","link":"https:\/\/www.libertas.hr\/en\/novosti\/libertas-talks-izvan-studija-nova-snimanja-donose-aktualne-europske-teme-i-istaknute-goste\/","title":{"rendered":"Libertas Talks izvan studija: nova snimanja donose aktualne europske teme i istaknute goste"},"content":{"rendered":"\n<p>Nakon \u0161to je tim <em>Libertas Talks <\/em>podcasta u prosincu 2025. imao iznimnu priliku snimiti epizodu s dr. Matom Grani\u0107em u Banskim dvorima, sjedi\u0161tu Vlade Republike Hrvatske, projekt nastavlja svoj razvoj i izvan studentskog studija Libertas me\u0111unarodnog sveu\u010dili\u0161ta. Tijekom o\u017eujka i travnja realizirana su dva nova snimanja na reprezentativnim lokacijama, \u010dime <em>Libertas Talks<\/em> dodatno potvr\u0111uje svoj rast i relevantnost u podru\u010dju akademskog i javnog dijaloga.<\/p>\n\n\n\n<p>U o\u017eujku je tim podcasta gostovao u prostorijama Hrvatske paneuropske unije, gdje je Karlo \u0160kori\u0107 snimio epizodu s prof. dr. sc. Pavom Bari\u0161i\u0107em, istaknutim filozofom, sveu\u010dili\u0161nim profesorom i predsjednikom Me\u0111unarodne paneuropske unije. Razgovor je bio usmjeren na ideju europskog jedinstva, njezine povijesne temelje i suvremene izazove s kojima se Europa suo\u010dava.<\/p>\n\n\n\n<figure class=\"wp-block-gallery has-nested-images columns-default is-cropped wp-block-gallery-1 is-layout-flex wp-block-gallery-is-layout-flex\">\n<figure class=\"wp-block-image size-large\"><img fetchpriority=\"high\" decoding=\"async\" width=\"1024\" height=\"768\" data-id=\"21452\" src=\"https:\/\/www.libertas.hr\/wp-content\/uploads\/2026\/04\/Epizoda-s-Pavom-Barisicem-1024x768.jpeg\" alt=\"\" class=\"wp-image-21452\" srcset=\"https:\/\/www.libertas.hr\/wp-content\/uploads\/2026\/04\/Epizoda-s-Pavom-Barisicem-1024x768.jpeg 1024w, https:\/\/www.libertas.hr\/wp-content\/uploads\/2026\/04\/Epizoda-s-Pavom-Barisicem-300x225.jpeg 300w, https:\/\/www.libertas.hr\/wp-content\/uploads\/2026\/04\/Epizoda-s-Pavom-Barisicem-768x576.jpeg 768w, https:\/\/www.libertas.hr\/wp-content\/uploads\/2026\/04\/Epizoda-s-Pavom-Barisicem-1536x1152.jpeg 1536w, https:\/\/www.libertas.hr\/wp-content\/uploads\/2026\/04\/Epizoda-s-Pavom-Barisicem.jpeg 2000w\" sizes=\"(max-width: 1024px) 100vw, 1024px\" \/><\/figure>\n\n\n\n<figure class=\"wp-block-image size-large\"><img decoding=\"async\" width=\"1024\" height=\"768\" data-id=\"21446\" src=\"https:\/\/www.libertas.hr\/wp-content\/uploads\/2026\/04\/Karlo-Skoric-Pavo-Barisic-Mihael-Glavas-1024x768.jpeg\" alt=\"\" class=\"wp-image-21446\" srcset=\"https:\/\/www.libertas.hr\/wp-content\/uploads\/2026\/04\/Karlo-Skoric-Pavo-Barisic-Mihael-Glavas-1024x768.jpeg 1024w, https:\/\/www.libertas.hr\/wp-content\/uploads\/2026\/04\/Karlo-Skoric-Pavo-Barisic-Mihael-Glavas-300x225.jpeg 300w, https:\/\/www.libertas.hr\/wp-content\/uploads\/2026\/04\/Karlo-Skoric-Pavo-Barisic-Mihael-Glavas-768x576.jpeg 768w, https:\/\/www.libertas.hr\/wp-content\/uploads\/2026\/04\/Karlo-Skoric-Pavo-Barisic-Mihael-Glavas-1536x1152.jpeg 1536w, https:\/\/www.libertas.hr\/wp-content\/uploads\/2026\/04\/Karlo-Skoric-Pavo-Barisic-Mihael-Glavas.jpeg 1600w\" sizes=\"(max-width: 1024px) 100vw, 1024px\" \/><\/figure>\n<\/figure>\n\n\n\n<p>U sredi\u0161tu ove epizode na\u0161la se Paneuropska unija: njezin nastanak, razvoj i dugoro\u010dni utjecaj na oblikovanje politi\u010dkih i dru\u0161tvenih procesa u Europi. Posebna pa\u017enja posve\u0107ena je ulozi paneuropske ideje tijekom 1990-ih godina, osobito u kontekstu me\u0111unarodnog priznanja Republike Hrvatske. Sugovornici su tako\u0111er otvorili pitanja aktualnosti europskog identiteta, izazova s kojima se suo\u010dava u kontekstu migracija i demografskih promjena te mogu\u0107nosti o\u010duvanja zajedni\u010dke europske kulturne i vrijednosne osnove. U zavr\u0161nom dijelu razgovora dotaknute su i teme obrazovanja te va\u017enosti znanja i vrijednosti u oblikovanju budu\u0107ih generacija. Epizoda po rasporedu izlazi u subotu, 11. travnja.<\/p>\n\n\n\n<p>U travnju je realizirano jo\u0161 jedno zna\u010dajno snimanje, ovoga puta u multimedijskom centru \u201eDo\u017eivi Europu\u201c u Zagrebu, uz podr\u0161ku Ureda Europskog parlamenta u Hrvatskoj. Gost epizode bio je Karlo Ressler, zastupnik u Europskom parlamentu, pravnik i predstavnik mla\u0111e generacije hrvatskih politi\u010dara na europskoj razini.<\/p>\n\n\n\n<figure class=\"wp-block-gallery has-nested-images columns-default is-cropped wp-block-gallery-2 is-layout-flex wp-block-gallery-is-layout-flex\">\n<figure class=\"wp-block-image size-large\"><img decoding=\"async\" width=\"1024\" height=\"768\" data-id=\"21450\" src=\"https:\/\/www.libertas.hr\/wp-content\/uploads\/2026\/04\/Matej-Blazic-Karlo-Skoric-Karlo-Ressler-Mihael-Glavas-1024x768.jpeg\" alt=\"\" class=\"wp-image-21450\" srcset=\"https:\/\/www.libertas.hr\/wp-content\/uploads\/2026\/04\/Matej-Blazic-Karlo-Skoric-Karlo-Ressler-Mihael-Glavas-1024x768.jpeg 1024w, https:\/\/www.libertas.hr\/wp-content\/uploads\/2026\/04\/Matej-Blazic-Karlo-Skoric-Karlo-Ressler-Mihael-Glavas-300x225.jpeg 300w, https:\/\/www.libertas.hr\/wp-content\/uploads\/2026\/04\/Matej-Blazic-Karlo-Skoric-Karlo-Ressler-Mihael-Glavas-768x576.jpeg 768w, https:\/\/www.libertas.hr\/wp-content\/uploads\/2026\/04\/Matej-Blazic-Karlo-Skoric-Karlo-Ressler-Mihael-Glavas-1536x1152.jpeg 1536w, https:\/\/www.libertas.hr\/wp-content\/uploads\/2026\/04\/Matej-Blazic-Karlo-Skoric-Karlo-Ressler-Mihael-Glavas.jpeg 1600w\" sizes=\"(max-width: 1024px) 100vw, 1024px\" \/><\/figure>\n<\/figure>\n\n\n\n<p>Razgovor je obuhvatio njegov obrazovni i profesionalni put, od studija prava na Pravnom fakultetu Sveu\u010dili\u0161ta u Zagrebu do rada u europskim institucijama. Poseban naglasak stavljen je na razlike izme\u0111u nacionalne i europske politike, kao i na ulogu Hrvatske unutar Europske unije.<\/p>\n\n\n\n<p>Jedan od klju\u010dnih segmenata epizode bio je posve\u0107en budu\u0107em Vi\u0161egodi\u0161njem financijskom okviru Europske unije za razdoblje 2028.-2034., koji se ve\u0107 sada smatra jednim od politi\u010dki najzna\u010dajnijih prora\u010duna. Raspravljalo se o izazovima poput energetske sigurnosti, migracijskih pritisaka, globalne konkurencije i geopoliti\u010dkih promjena te o sposobnosti europskog prora\u010duna da odgovori na sve kompleksnije zahtjeve.<\/p>\n\n\n\n<p>Dio razgovora bio je usmjeren i na migracijsku politiku Europske unije, uklju\u010duju\u0107i provedbu Pakta o migracijama i azilu, u\u010dinkovitost sustava povrataka te odnos izme\u0111u sigurnosnih mjera i za\u0161tite temeljnih prava. Otvorena su i pitanja politi\u010dkih odnosa unutar Europske unije, uklju\u010duju\u0107i promjene u politi\u010dkoj ravnote\u017ei i utjecaj razli\u010ditih politi\u010dkih opcija na dono\u0161enje odluka. Epizoda po rasporedu izlazi u subotu, 25. travnja.<\/p>\n\n\n\n<hr class=\"wp-block-separator has-alpha-channel-opacity\"\/>\n\n\n\n<p>Ova dva snimanja predstavljaju va\u017ean iskorak za <em>Libertas Talks<\/em> podcast, koji se sve vi\u0161e pozicionira kao platforma za kvalitetan i sadr\u017eajan dijalog o klju\u010dnim dru\u0161tvenim, politi\u010dkim i europskim temama. Izlazak iz studentskog studija i realizacija epizoda u relevantnim institucijama dodatno pridonosi profesionalizaciji projekta te studentima pru\u017ea jedinstveno iskustvo rada u stvarnim, visokim komunikacijskim i produkcijskim uvjetima. Podcast trenutno broji gotovo 5 tisu\u0107a pratitelja na svojim slu\u017ebenim profilima na dru\u0161tvenim mre\u017eama, dok su epizode na YouTube-u prema\u0161ile 100 tisu\u0107a pregleda.<\/p>\n\n\n\n<p><strong>Epizode mo\u017eete pogledati na slu\u017ebenom <a href=\"https:\/\/youtube.com\/@libertastalkspodcast?si=sJ52wjq4-DVhtoFA\">YouTube kanalu <em>Libertas Talks <\/em>podcasta.<\/a><\/strong><\/p>\n","protected":false},"excerpt":{"rendered":"<p>Nakon \u0161to je tim Libertas Talks podcasta u prosincu 2025. imao iznimnu priliku snimiti epizodu s dr. Matom Grani\u0107em u Banskim dvorima, sjedi\u0161tu Vlade Republike Hrvatske, projekt nastavlja svoj razvoj i izvan studentskog studija Libertas me\u0111unarodnog sveu\u010dili\u0161ta. Tijekom o\u017eujka i travnja realizirana su dva nova snimanja na reprezentativnim lokacijama, \u010dime Libertas Talks dodatno potvr\u0111uje svoj [&hellip;]<\/p>\n","protected":false},"author":3,"featured_media":21444,"comment_status":"closed","ping_status":"open","sticky":false,"template":"","format":"standard","meta":{"footnotes":""},"categories":[24,25],"tags":[],"class_list":["post-21443","post","type-post","status-publish","format-standard","has-post-thumbnail","hentry","category-novosti","category-savjeti-i-vodici"],"_links":{"self":[{"href":"https:\/\/www.libertas.hr\/en\/wp-json\/wp\/v2\/posts\/21443","targetHints":{"allow":["GET"]}}],"collection":[{"href":"https:\/\/www.libertas.hr\/en\/wp-json\/wp\/v2\/posts"}],"about":[{"href":"https:\/\/www.libertas.hr\/en\/wp-json\/wp\/v2\/types\/post"}],"author":[{"embeddable":true,"href":"https:\/\/www.libertas.hr\/en\/wp-json\/wp\/v2\/users\/3"}],"replies":[{"embeddable":true,"href":"https:\/\/www.libertas.hr\/en\/wp-json\/wp\/v2\/comments?post=21443"}],"version-history":[{"count":4,"href":"https:\/\/www.libertas.hr\/en\/wp-json\/wp\/v2\/posts\/21443\/revisions"}],"predecessor-version":[{"id":21457,"href":"https:\/\/www.libertas.hr\/en\/wp-json\/wp\/v2\/posts\/21443\/revisions\/21457"}],"wp:featuredmedia":[{"embeddable":true,"href":"https:\/\/www.libertas.hr\/en\/wp-json\/wp\/v2\/media\/21444"}],"wp:attachment":[{"href":"https:\/\/www.libertas.hr\/en\/wp-json\/wp\/v2\/media?parent=21443"}],"wp:term":[{"taxonomy":"category","embeddable":true,"href":"https:\/\/www.libertas.hr\/en\/wp-json\/wp\/v2\/categories?post=21443"},{"taxonomy":"post_tag","embeddable":true,"href":"https:\/\/www.libertas.hr\/en\/wp-json\/wp\/v2\/tags?post=21443"}],"curies":[{"name":"wp","href":"https:\/\/api.w.org\/{rel}","templated":true}]}}