{"id":17768,"date":"2018-05-29T12:54:20","date_gmt":"2018-05-29T12:54:20","guid":{"rendered":"https:\/\/www.libertas.hr\/uncategorized-hr\/posjet-veleposlanika-kraljevine-spanjolske\/"},"modified":"2018-05-29T12:54:20","modified_gmt":"2018-05-29T12:54:20","slug":"posjet-veleposlanika-kraljevine-spanjolske","status":"publish","type":"post","link":"https:\/\/www.libertas.hr\/en\/novosti\/posjet-veleposlanika-kraljevine-spanjolske\/","title":{"rendered":"Posjet veleposlanika Kraljevine \u0160panjolske"},"content":{"rendered":"<p>U sklopu redovitih radionica &#8220;Diplomacija u praksi&#8221; za studente Me\u0111unarodnih odnosa i diplomacije Sveu\u010dili\u0161ta Libertas, \u00a0predavanje je odr\u017eao veleposlanik Kraljevine \u0160panjolske u Republici Hrvatskoj, <strong>Nj. E.\u00a0 Eduardo Aznar Campos.\u00a0<\/strong><\/p>\n<p>Tema predavanja veleposlanika bila je va\u017enost o\u010duvanja i unaprije\u0111enja institucija Europske unije, dok su pitanja studenata pokrenula rasprave o pitanjima europskog identiteta, katalonskog secesionizma, suo\u010davanje s izazovima migracija i demografskih promjena, starenja europskog stanovni\u0161tva itd.<\/p>\n<p><img fetchpriority=\"high\" decoding=\"async\" class=\"aligncenter size-full wp-image-5454\" src=\"https:\/\/www.libertas.hr\/wp-content\/uploads\/2018\/05\/IMG_6576.jpg\" alt=\"\" width=\"1024\" height=\"683\" \/><\/p>\n<p><img decoding=\"async\" class=\"aligncenter size-full wp-image-5453\" src=\"https:\/\/www.libertas.hr\/wp-content\/uploads\/2018\/05\/IMG_6564.jpg\" alt=\"\" width=\"1024\" height=\"683\" \/><\/p>\n<p><img decoding=\"async\" class=\"aligncenter size-full wp-image-5455\" src=\"https:\/\/www.libertas.hr\/wp-content\/uploads\/2018\/05\/IMG_6579.jpg\" alt=\"\" width=\"1024\" height=\"683\" \/><\/p>\n<p><img loading=\"lazy\" decoding=\"async\" class=\"aligncenter size-full wp-image-5452\" src=\"https:\/\/www.libertas.hr\/wp-content\/uploads\/2018\/05\/IMG_6560.jpg\" alt=\"\" width=\"1024\" height=\"683\" \/><\/p>\n","protected":false},"excerpt":{"rendered":"<p>U sklopu redovitih radionica &#8220;Diplomacija u praksi&#8221; za studente Me\u0111unarodnih odnosa i diplomacije Sveu\u010dili\u0161ta Libertas, \u00a0predavanje je odr\u017eao veleposlanik Kraljevine \u0160panjolske u Republici Hrvatskoj, Nj. E.\u00a0 Eduardo Aznar Campos.\u00a0 Tema predavanja veleposlanika bila je va\u017enost o\u010duvanja i unaprije\u0111enja institucija Europske unije, dok su pitanja studenata pokrenula rasprave o pitanjima europskog identiteta, katalonskog secesionizma, suo\u010davanje s [&hellip;]<\/p>\n","protected":false},"author":5,"featured_media":17766,"comment_status":"closed","ping_status":"open","sticky":false,"template":"","format":"standard","meta":{"footnotes":""},"categories":[24],"tags":[],"class_list":["post-17768","post","type-post","status-publish","format-standard","has-post-thumbnail","hentry","category-novosti"],"_links":{"self":[{"href":"https:\/\/www.libertas.hr\/en\/wp-json\/wp\/v2\/posts\/17768","targetHints":{"allow":["GET"]}}],"collection":[{"href":"https:\/\/www.libertas.hr\/en\/wp-json\/wp\/v2\/posts"}],"about":[{"href":"https:\/\/www.libertas.hr\/en\/wp-json\/wp\/v2\/types\/post"}],"author":[{"embeddable":true,"href":"https:\/\/www.libertas.hr\/en\/wp-json\/wp\/v2\/users\/5"}],"replies":[{"embeddable":true,"href":"https:\/\/www.libertas.hr\/en\/wp-json\/wp\/v2\/comments?post=17768"}],"version-history":[{"count":0,"href":"https:\/\/www.libertas.hr\/en\/wp-json\/wp\/v2\/posts\/17768\/revisions"}],"wp:featuredmedia":[{"embeddable":true,"href":"https:\/\/www.libertas.hr\/en\/wp-json\/wp\/v2\/media\/17766"}],"wp:attachment":[{"href":"https:\/\/www.libertas.hr\/en\/wp-json\/wp\/v2\/media?parent=17768"}],"wp:term":[{"taxonomy":"category","embeddable":true,"href":"https:\/\/www.libertas.hr\/en\/wp-json\/wp\/v2\/categories?post=17768"},{"taxonomy":"post_tag","embeddable":true,"href":"https:\/\/www.libertas.hr\/en\/wp-json\/wp\/v2\/tags?post=17768"}],"curies":[{"name":"wp","href":"https:\/\/api.w.org\/{rel}","templated":true}]}}