{"id":17461,"date":"2018-02-27T15:05:30","date_gmt":"2018-02-27T15:05:30","guid":{"rendered":"https:\/\/www.libertas.hr\/uncategorized-hr\/konferencija-povodom-80-rodendana-profesora-emeritusa-ive-andrijanica\/"},"modified":"2018-02-27T15:05:30","modified_gmt":"2018-02-27T15:05:30","slug":"konferencija-povodom-80-rodendana-profesora-emeritusa-ive-andrijanica","status":"publish","type":"post","link":"https:\/\/www.libertas.hr\/en\/dogadanja\/konferencija-povodom-80-rodendana-profesora-emeritusa-ive-andrijanica\/","title":{"rendered":"Konferencija povodom 80. ro\u0111endana profesora emeritusa Ive Andrijani\u0107a"},"content":{"rendered":"<p>Dana 27. velja\u010de 2018. odr\u017eana je konferencija \u201eHrvatska u me\u0111unarodnom ekonomskom i politi\u010dkom okru\u017eenju\u201c povodom osamdesetog ro\u0111endana profesora emeritusa dr.sc. Ive Andrijani\u0107a.<\/p>\n<p>Skup je otvorio rektor Sveu\u010dili\u0161ta Libertas, prof.dr.sc. Du\u0161ko Pavlovi\u0107 i uz prigodni govor i \u010destitke slavljeniku, predstavio program i izlaga\u010de na konferenciji. Konferencija je okupila mnoge prijatelje, znanstvenike i gospodarstvenike od kojih su ve\u0107ina upoznala profesora Andrijani\u0107a jo\u0161 kao studenti, a nastavljaju suradnju i prijateljstvo s profesorom jo\u0161 i danas.<\/p>\n<p>Sve najbolje, uz emotivan govor, po\u017eelio mu je i dr.sc. Gojko Ostoji\u0107, predsjednik Upravnog vije\u0107a Sveu\u010dili\u0161ta Libertas i zahvalio na dugogodi\u0161njem prijateljstvu i suradnji.<\/p>\n<p>Na konferenciji su izlagali doc.dr.sc. Robert Kopal, prof.dr.sc. Vladimir \u010cavrak, prof.dr.sc. Marko Kolakovi\u0107, doc.dr. Neven Vidakovi\u0107, doc.dr.sc. Ante Samodol, prof.dr.sc. Mladen Kne\u017eevi\u0107, doc.dr.sc. Davor Perkov i doc.dr.sc. Radojka Kraljevi\u0107. Njihovi, a i radovi ostalih autora, objavljeni su u posebnom izdanju Zbornika Sveu\u010dili\u0161ta Libertas.<\/p>\n<p>Uz slavljeni\u010dke \u010destitke, zahvaljujemo profesoru Andrijani\u0107u, prvom dekanu VP\u0160 Libertas (sada dio Sveu\u010dili\u0161ta Libertas), \u0161to je nesebi\u010dno i po\u017ertvovno svim dosada\u0161njim generacijama studenta ne samo prenosio znanje, nego i usa\u0111ivao visoke moralne i op\u0107e ljudske vrijednosti. Duh, koji je svojim radom ugradio u Sveu\u010dili\u0161te Libertas, postalo je samo srce ove institucije!<\/p>\n<p><img fetchpriority=\"high\" decoding=\"async\" class=\"aligncenter size-full wp-image-4789\" src=\"https:\/\/www.libertas.hr\/wp-content\/uploads\/2018\/02\/IMG_6006-Copy.jpg\" alt=\"\" width=\"1024\" height=\"683\" \/><\/p>\n<p><img decoding=\"async\" class=\"aligncenter size-full wp-image-4790\" src=\"https:\/\/www.libertas.hr\/wp-content\/uploads\/2018\/02\/IMG_6022-Copy.jpg\" alt=\"\" width=\"1024\" height=\"683\" \/><\/p>\n<p><img decoding=\"async\" class=\"aligncenter size-full wp-image-4792\" src=\"https:\/\/www.libertas.hr\/wp-content\/uploads\/2018\/02\/IMG_6087-Copy.jpg\" alt=\"\" width=\"1024\" height=\"683\" \/><\/p>\n<p>&nbsp;<\/p>\n<p><img loading=\"lazy\" decoding=\"async\" class=\"aligncenter size-full wp-image-4788\" src=\"https:\/\/www.libertas.hr\/wp-content\/uploads\/2018\/02\/IMG_6081-Copy.jpg\" alt=\"\" width=\"1024\" height=\"683\" \/><\/p>\n<p><img loading=\"lazy\" decoding=\"async\" class=\"aligncenter size-full wp-image-4793\" src=\"https:\/\/www.libertas.hr\/wp-content\/uploads\/2018\/02\/IMG_6100-Copy.jpg\" alt=\"\" width=\"1024\" height=\"683\" \/><\/p>\n","protected":false},"excerpt":{"rendered":"<p>Dana 27. velja\u010de 2018. odr\u017eana je konferencija \u201eHrvatska u me\u0111unarodnom ekonomskom i politi\u010dkom okru\u017eenju\u201c povodom osamdesetog ro\u0111endana profesora emeritusa dr.sc. Ive Andrijani\u0107a. Skup je otvorio rektor Sveu\u010dili\u0161ta Libertas, prof.dr.sc. Du\u0161ko Pavlovi\u0107 i uz prigodni govor i \u010destitke slavljeniku, predstavio program i izlaga\u010de na konferenciji. Konferencija je okupila mnoge prijatelje, znanstvenike i gospodarstvenike od kojih su [&hellip;]<\/p>\n","protected":false},"author":5,"featured_media":17457,"comment_status":"closed","ping_status":"open","sticky":false,"template":"","format":"standard","meta":{"footnotes":""},"categories":[23,24],"tags":[],"class_list":["post-17461","post","type-post","status-publish","format-standard","has-post-thumbnail","hentry","category-dogadanja","category-novosti"],"_links":{"self":[{"href":"https:\/\/www.libertas.hr\/en\/wp-json\/wp\/v2\/posts\/17461","targetHints":{"allow":["GET"]}}],"collection":[{"href":"https:\/\/www.libertas.hr\/en\/wp-json\/wp\/v2\/posts"}],"about":[{"href":"https:\/\/www.libertas.hr\/en\/wp-json\/wp\/v2\/types\/post"}],"author":[{"embeddable":true,"href":"https:\/\/www.libertas.hr\/en\/wp-json\/wp\/v2\/users\/5"}],"replies":[{"embeddable":true,"href":"https:\/\/www.libertas.hr\/en\/wp-json\/wp\/v2\/comments?post=17461"}],"version-history":[{"count":0,"href":"https:\/\/www.libertas.hr\/en\/wp-json\/wp\/v2\/posts\/17461\/revisions"}],"wp:featuredmedia":[{"embeddable":true,"href":"https:\/\/www.libertas.hr\/en\/wp-json\/wp\/v2\/media\/17457"}],"wp:attachment":[{"href":"https:\/\/www.libertas.hr\/en\/wp-json\/wp\/v2\/media?parent=17461"}],"wp:term":[{"taxonomy":"category","embeddable":true,"href":"https:\/\/www.libertas.hr\/en\/wp-json\/wp\/v2\/categories?post=17461"},{"taxonomy":"post_tag","embeddable":true,"href":"https:\/\/www.libertas.hr\/en\/wp-json\/wp\/v2\/tags?post=17461"}],"curies":[{"name":"wp","href":"https:\/\/api.w.org\/{rel}","templated":true}]}}