{"id":17358,"date":"2018-12-19T15:54:48","date_gmt":"2018-12-19T15:54:48","guid":{"rendered":"https:\/\/www.libertas.hr\/uncategorized-hr\/rukovodstvo-ekonomskog-fakulteta-u-zagrebu-posjetilo-libertas\/"},"modified":"2018-12-19T15:54:48","modified_gmt":"2018-12-19T15:54:48","slug":"rukovodstvo-ekonomskog-fakulteta-u-zagrebu-posjetilo-libertas","status":"publish","type":"post","link":"https:\/\/www.libertas.hr\/en\/novosti\/rukovodstvo-ekonomskog-fakulteta-u-zagrebu-posjetilo-libertas\/","title":{"rendered":"Rukovodstvo Ekonomskog fakulteta u Zagrebu posjetilo Libertas"},"content":{"rendered":"<div>\n<div>Na\u0161e Sveu\u010dili\u0161te ju\u010der su posjetili dekan Ekonomskog fakulteta u Zagrebu <strong>prof. dr. sc. Jurica Pavi\u010di\u0107<\/strong> te prodekani <strong>prof. dr. sc. Oliver Kesar, prof. dr. sc. Lorena \u0160kufli\u0107 i doc. dr. sc. Bo\u017eidar Jakovi\u0107.<\/strong><\/div>\n<\/div>\n<div>S rektorom Sveu\u010dili\u0161ta Libertas<strong> prof. dr. sc. Du\u0161kom Pavlovi\u0107em<\/strong>, predsjednikom Upravnog vije\u0107a <strong>dr. sc. Gojkom Ostoji\u0107em<\/strong> i prorektorom <strong>doc. dr. sc. Antom Samodolom<\/strong>, vo\u0111eni su razgovori o realizaciji nedavno potpisanog Sporazuma o suradnji dviju visoko\u0161kolskih institucija.<\/div>\n<div>Dogovoreni su razli\u010diti oblici suradnje na \u010dijoj \u0107e realizaciji Ekonomski fakultet u Zagrebu i Sveu\u010dili\u0161te Libertas raditi naredne godine.<\/div>\n<div><\/div>\n<div><img fetchpriority=\"high\" decoding=\"async\" class=\"alignnone size-full wp-image-6892\" src=\"https:\/\/www.libertas.hr\/wp-content\/uploads\/2018\/12\/IMG_7662.jpg\" alt=\"\" width=\"1024\" height=\"683\" \/><\/div>\n","protected":false},"excerpt":{"rendered":"<p>Na\u0161e Sveu\u010dili\u0161te ju\u010der su posjetili dekan Ekonomskog fakulteta u Zagrebu prof. dr. sc. Jurica Pavi\u010di\u0107 te prodekani prof. dr. sc. Oliver Kesar, prof. dr. sc. Lorena \u0160kufli\u0107 i doc. dr. sc. Bo\u017eidar Jakovi\u0107. S rektorom Sveu\u010dili\u0161ta Libertas prof. dr. sc. Du\u0161kom Pavlovi\u0107em, predsjednikom Upravnog vije\u0107a dr. sc. Gojkom Ostoji\u0107em i prorektorom doc. dr. sc. Antom [&hellip;]<\/p>\n","protected":false},"author":5,"featured_media":17356,"comment_status":"closed","ping_status":"open","sticky":false,"template":"","format":"standard","meta":{"footnotes":""},"categories":[24],"tags":[],"class_list":["post-17358","post","type-post","status-publish","format-standard","has-post-thumbnail","hentry","category-novosti"],"_links":{"self":[{"href":"https:\/\/www.libertas.hr\/en\/wp-json\/wp\/v2\/posts\/17358","targetHints":{"allow":["GET"]}}],"collection":[{"href":"https:\/\/www.libertas.hr\/en\/wp-json\/wp\/v2\/posts"}],"about":[{"href":"https:\/\/www.libertas.hr\/en\/wp-json\/wp\/v2\/types\/post"}],"author":[{"embeddable":true,"href":"https:\/\/www.libertas.hr\/en\/wp-json\/wp\/v2\/users\/5"}],"replies":[{"embeddable":true,"href":"https:\/\/www.libertas.hr\/en\/wp-json\/wp\/v2\/comments?post=17358"}],"version-history":[{"count":0,"href":"https:\/\/www.libertas.hr\/en\/wp-json\/wp\/v2\/posts\/17358\/revisions"}],"wp:featuredmedia":[{"embeddable":true,"href":"https:\/\/www.libertas.hr\/en\/wp-json\/wp\/v2\/media\/17356"}],"wp:attachment":[{"href":"https:\/\/www.libertas.hr\/en\/wp-json\/wp\/v2\/media?parent=17358"}],"wp:term":[{"taxonomy":"category","embeddable":true,"href":"https:\/\/www.libertas.hr\/en\/wp-json\/wp\/v2\/categories?post=17358"},{"taxonomy":"post_tag","embeddable":true,"href":"https:\/\/www.libertas.hr\/en\/wp-json\/wp\/v2\/tags?post=17358"}],"curies":[{"name":"wp","href":"https:\/\/api.w.org\/{rel}","templated":true}]}}