{"id":17355,"date":"2018-12-18T15:29:34","date_gmt":"2018-12-18T15:29:34","guid":{"rendered":"https:\/\/www.libertas.hr\/uncategorized-hr\/sveuciliste-libertas-partner-interreg-slo-hr-projekta\/"},"modified":"2018-12-18T15:29:34","modified_gmt":"2018-12-18T15:29:34","slug":"sveuciliste-libertas-partner-interreg-slo-hr-projekta","status":"publish","type":"post","link":"https:\/\/www.libertas.hr\/en\/dogadanja\/sveuciliste-libertas-partner-interreg-slo-hr-projekta\/","title":{"rendered":"Sveu\u010dili\u0161te Libertas partner INTERREG SLO-HR projekta"},"content":{"rendered":"<p><strong>12.prosinca Grad Jastrebarsko<\/strong> i Op\u0107ina <strong>\u010crnomelj<\/strong> iz Slovenije, u suradnji s partnerima odr\u017eali su uvodnu konferenciju za projekt \u201e<strong>Ba\u0161tina Jaske i \u010crnomlja tako\u0111er mo\u017ee biti \u2019cool\u2019<\/strong>. Za sve.\u201c Akronim projekta je <strong>\u201ekulTura\u201c<\/strong>, a cilj je prezentirati kulturnu ba\u0161tinu kroz posebno osmi\u0161ljenu turisti\u010dku turu za posjet znamenitim kulturnim atrakcijama na podru\u010dju Jastrebarskog i \u010crnomlja.<\/p>\n<p>Ovako zami\u0161ljen turisti\u010dki proizvod povezat \u0107e kulturnu ba\u0161tinu i lokalnu ponudu te stvoriti iskustvo i do\u017eivljaj kod posjetitelja kroz \u0161etnju ulicama, trgovima i parkovima. Ujedno \u0107e postati i primjer dobre prakse koji se mo\u017ee primijeniti u drugim manjim gradovima uz slovensko-hrvatsku granicu. Vi\u0161e o samom projektu pro\u010diatjte na <a href=\"http:\/\/www.jastrebarsko.hr\/vijesti\/kultura-nema-granica\/\">linku.<\/a><\/p>\n<p>Libertas me\u0111unarodno sveu\u010dili\u0161te u projektu sudjeluje kao partner.<\/p>\n<p><img fetchpriority=\"high\" decoding=\"async\" class=\"size-full wp-image-6888 aligncenter\" src=\"https:\/\/www.libertas.hr\/wp-content\/uploads\/2018\/12\/v_20540.jpg\" alt=\"\" width=\"620\" height=\"349\" \/><\/p>\n","protected":false},"excerpt":{"rendered":"<p>12.prosinca Grad Jastrebarsko i Op\u0107ina \u010crnomelj iz Slovenije, u suradnji s partnerima odr\u017eali su uvodnu konferenciju za projekt \u201eBa\u0161tina Jaske i \u010crnomlja tako\u0111er mo\u017ee biti \u2019cool\u2019. Za sve.\u201c Akronim projekta je \u201ekulTura\u201c, a cilj je prezentirati kulturnu ba\u0161tinu kroz posebno osmi\u0161ljenu turisti\u010dku turu za posjet znamenitim kulturnim atrakcijama na podru\u010dju Jastrebarskog i \u010crnomlja. Ovako zami\u0161ljen [&hellip;]<\/p>\n","protected":false},"author":5,"featured_media":17353,"comment_status":"closed","ping_status":"open","sticky":false,"template":"","format":"standard","meta":{"footnotes":""},"categories":[23,24],"tags":[],"class_list":["post-17355","post","type-post","status-publish","format-standard","has-post-thumbnail","hentry","category-dogadanja","category-novosti"],"_links":{"self":[{"href":"https:\/\/www.libertas.hr\/en\/wp-json\/wp\/v2\/posts\/17355","targetHints":{"allow":["GET"]}}],"collection":[{"href":"https:\/\/www.libertas.hr\/en\/wp-json\/wp\/v2\/posts"}],"about":[{"href":"https:\/\/www.libertas.hr\/en\/wp-json\/wp\/v2\/types\/post"}],"author":[{"embeddable":true,"href":"https:\/\/www.libertas.hr\/en\/wp-json\/wp\/v2\/users\/5"}],"replies":[{"embeddable":true,"href":"https:\/\/www.libertas.hr\/en\/wp-json\/wp\/v2\/comments?post=17355"}],"version-history":[{"count":0,"href":"https:\/\/www.libertas.hr\/en\/wp-json\/wp\/v2\/posts\/17355\/revisions"}],"wp:featuredmedia":[{"embeddable":true,"href":"https:\/\/www.libertas.hr\/en\/wp-json\/wp\/v2\/media\/17353"}],"wp:attachment":[{"href":"https:\/\/www.libertas.hr\/en\/wp-json\/wp\/v2\/media?parent=17355"}],"wp:term":[{"taxonomy":"category","embeddable":true,"href":"https:\/\/www.libertas.hr\/en\/wp-json\/wp\/v2\/categories?post=17355"},{"taxonomy":"post_tag","embeddable":true,"href":"https:\/\/www.libertas.hr\/en\/wp-json\/wp\/v2\/tags?post=17355"}],"curies":[{"name":"wp","href":"https:\/\/api.w.org\/{rel}","templated":true}]}}