{"id":17349,"date":"2018-12-17T13:55:16","date_gmt":"2018-12-17T13:55:16","guid":{"rendered":"https:\/\/www.libertas.hr\/uncategorized-hr\/posjet-studenata-libertasa-gradskoj-upravi-grada-dubrovnika\/"},"modified":"2018-12-17T13:55:16","modified_gmt":"2018-12-17T13:55:16","slug":"posjet-studenata-libertasa-gradskoj-upravi-grada-dubrovnika","status":"publish","type":"post","link":"https:\/\/www.libertas.hr\/en\/novosti\/posjet-studenata-libertasa-gradskoj-upravi-grada-dubrovnika\/","title":{"rendered":"Posjet studenata Libertasa gradskoj Upravi Grada Dubrovnika"},"content":{"rendered":"<p>U utorak, <strong>11.prosinca<\/strong> studenti Turisti\u010dkog i hotelskog menad\u017ementa Sveu\u010dili\u0161ta Libertas u Dubrovniku, posjetili su gradsku Upravu gdje ih je primio Gradona\u010delnik Grada Dubrovnika gospodin <strong>Mato Frankovi\u0107<\/strong>. U gradskoj Vije\u0107nici, Gradona\u010delnik Frankovi\u0107, upoznao je studente o funkcioniranju gradske uprave, i o projektima i drugim aktualnim temama, a posebnu pozornost je obratio kroz prezentaciju <a href=\"https:\/\/www.dubrovnik.hr\/postujmo-grad\"><strong>&#8220;Po\u0161tujmo grad.&#8221;<\/strong><\/a> Nakon izlaganja Gradona\u010delnika, studenti su postavljali pitanja na koja je Gradona\u010delnik sa zadovoljstvom odgovarao.<\/p>\n<p><img fetchpriority=\"high\" decoding=\"async\" class=\"alignnone size-full wp-image-6865\" src=\"https:\/\/www.libertas.hr\/wp-content\/uploads\/2020\/09\/unnamed-1.png\" alt=\"\" width=\"3456\" height=\"2304\" \/><\/p>\n<p><img decoding=\"async\" class=\"alignnone size-full wp-image-6867\" src=\"https:\/\/www.libertas.hr\/wp-content\/uploads\/2020\/04\/unnamed-2.jpg\" alt=\"\" width=\"3456\" height=\"2304\" \/><\/p>\n<p><img decoding=\"async\" class=\"alignnone size-full wp-image-6869\" src=\"https:\/\/www.libertas.hr\/wp-content\/uploads\/2022\/03\/unnamed.jpg\" alt=\"\" width=\"3456\" height=\"2304\" \/><\/p>\n<p>&nbsp;<\/p>\n","protected":false},"excerpt":{"rendered":"<p>U utorak, 11.prosinca studenti Turisti\u010dkog i hotelskog menad\u017ementa Sveu\u010dili\u0161ta Libertas u Dubrovniku, posjetili su gradsku Upravu gdje ih je primio Gradona\u010delnik Grada Dubrovnika gospodin Mato Frankovi\u0107. U gradskoj Vije\u0107nici, Gradona\u010delnik Frankovi\u0107, upoznao je studente o funkcioniranju gradske uprave, i o projektima i drugim aktualnim temama, a posebnu pozornost je obratio kroz prezentaciju &#8220;Po\u0161tujmo grad.&#8221; Nakon [&hellip;]<\/p>\n","protected":false},"author":5,"featured_media":14742,"comment_status":"closed","ping_status":"open","sticky":false,"template":"","format":"standard","meta":{"footnotes":""},"categories":[24],"tags":[],"class_list":["post-17349","post","type-post","status-publish","format-standard","has-post-thumbnail","hentry","category-novosti"],"_links":{"self":[{"href":"https:\/\/www.libertas.hr\/en\/wp-json\/wp\/v2\/posts\/17349","targetHints":{"allow":["GET"]}}],"collection":[{"href":"https:\/\/www.libertas.hr\/en\/wp-json\/wp\/v2\/posts"}],"about":[{"href":"https:\/\/www.libertas.hr\/en\/wp-json\/wp\/v2\/types\/post"}],"author":[{"embeddable":true,"href":"https:\/\/www.libertas.hr\/en\/wp-json\/wp\/v2\/users\/5"}],"replies":[{"embeddable":true,"href":"https:\/\/www.libertas.hr\/en\/wp-json\/wp\/v2\/comments?post=17349"}],"version-history":[{"count":0,"href":"https:\/\/www.libertas.hr\/en\/wp-json\/wp\/v2\/posts\/17349\/revisions"}],"wp:featuredmedia":[{"embeddable":true,"href":"https:\/\/www.libertas.hr\/en\/wp-json\/wp\/v2\/media\/14742"}],"wp:attachment":[{"href":"https:\/\/www.libertas.hr\/en\/wp-json\/wp\/v2\/media?parent=17349"}],"wp:term":[{"taxonomy":"category","embeddable":true,"href":"https:\/\/www.libertas.hr\/en\/wp-json\/wp\/v2\/categories?post=17349"},{"taxonomy":"post_tag","embeddable":true,"href":"https:\/\/www.libertas.hr\/en\/wp-json\/wp\/v2\/tags?post=17349"}],"curies":[{"name":"wp","href":"https:\/\/api.w.org\/{rel}","templated":true}]}}