{"id":17330,"date":"2018-12-13T09:45:36","date_gmt":"2018-12-13T09:45:36","guid":{"rendered":"https:\/\/www.libertas.hr\/uncategorized-hr\/konzorcij-hrvatska-sveucilista-za-eu-projekte-raspisuje-natjecaj-za-mobilnost-osoblja\/"},"modified":"2018-12-13T09:45:36","modified_gmt":"2018-12-13T09:45:36","slug":"konzorcij-hrvatska-sveucilista-za-eu-projekte-raspisuje-natjecaj-za-mobilnost-osoblja","status":"publish","type":"post","link":"https:\/\/www.libertas.hr\/en\/novosti\/konzorcij-hrvatska-sveucilista-za-eu-projekte-raspisuje-natjecaj-za-mobilnost-osoblja\/","title":{"rendered":"Konzorcij &#8220;Hrvatska sveu\u010dili\u0161ta za EU projekte&#8221; raspisuje natje\u010daj za mobilnost osoblja"},"content":{"rendered":"<p style=\"text-align: center;\"><strong>Konzorcij \u201cHrvatska sveu\u010dili\u0161ta za EU projekte\u201d<\/strong><\/p>\n<p style=\"text-align: center;\">raspisuje<\/p>\n<p style=\"text-align: center;\">NATJE\u010cAJ<\/p>\n<p style=\"text-align: center;\"><strong>Za mobilnost nastavnog i nenastavnog osoblja (STT) u okviru\u00a0 programa Erasmus+ klju\u010dne aktivnosti 1<\/strong><\/p>\n<p>&nbsp;<\/p>\n<p><strong>Op\u0107i dio<\/strong><\/p>\n<p>Konzorcij \u201cHrvatska sveu\u010dili\u0161ta za EU projekte\u201d (dalje u tekstu: Konzorcij) objavljuje natje\u010daj za izbor nastavnog i nenastavnog osoblja (STT) kojima \u0107e se dodijeliti financijska potpora radi stru\u010dnog usavr\u0161avanja u 2019. godini.<\/p>\n<p>Natje\u010daj se odnosi na\u00a0 visoka u\u010dili\u0161ta koja su dio Konzorcija:<\/p>\n<ol>\n<li>Visoka poslovna PAR<\/li>\n<li>Libertas Me\u0111unarodno Sveu\u010dili\u0161te<\/li>\n<li>Veleu\u010dili\u0161te u Po\u017eegi<\/li>\n<li>Veleu\u010dili\u0161te u \u0160ibeniku<\/li>\n<li>Veleu\u010dili\u0161te Baltazar Zapre\u0161i\u0107<\/li>\n<li>Veleu\u010dili\u0161te VERN<\/li>\n<li>Sveu\u010dili\u0161te Jurja Dobrile u Puli<\/li>\n<li>Zagreba\u010dka \u0161kola ekonomije i menad\u017ementa<\/li>\n<li>Tehni\u010dko veleu\u010dili\u0161te Zagreb.<\/li>\n<\/ol>\n<p>Voditelj Konzorcija je Udruga Informo iz Vodnjana, a partneri su European Generation (Italija) i European projects association (Belgija).<\/p>\n<p>Stru\u010dno usavr\u0161avanje uklju\u010divat \u0107e sljede\u0107e aktivnosti: poha\u0111anje strukturiranog te\u010daja, radionice ili jezi\u010dnog trening usmjerenog na profesionalne potrebe sudionika, te izmjena znanja i iskustava izme\u0111u sudionika.<\/p>\n<p>Broj financijskih potpora koje \u0107e dodijeliti Konzorcij za mobilnost nastavnog i nenastavnog osoblja (STT) je \u010detiri (4). Kandidati koji se prijave na natje\u010daj i zadovolje sve uvjete natje\u010daja, a ne u\u0111u u krug financijske potpore \u010dlanova osoblja, mogu na razmjenu oti\u0107i o vlastitom tro\u0161ku. Mobilnost \u0107e biti provedena tijekom 2019. godine.<\/p>\n<p><strong>Rok za prijavu: do 14. sije\u010dnja 2018. godine<\/strong><\/p>\n<p><strong>Uvjeti za prijavu:<\/strong><\/p>\n<p>Na natje\u010daj se mogu prijaviti sljede\u0107i kandidati:<\/p>\n<ol>\n<li>Nastavno i nenastavno osoblje zaposleno na jednom od visokih u\u010dili\u0161ta \u010dlanova Konzorcija;<\/li>\n<li>Moraju imati suglasnost neposrednog rukovoditelja o odsustvu kandidata\/kandidatkinje s radnog mjesta;<\/li>\n<li>Moraju imati zadovoljavaju\u0107e znanje stranog jezika (engleskog jezika) na kojem \u0107e se stru\u010dno usavr\u0161avati.<\/li>\n<\/ol>\n<p><strong>Mjesto obavljanja mobilnosti<\/strong><\/p>\n<p>U svrhu stru\u010dnog usavr\u0161avanja, mobilnost se mo\u017ee odr\u017eati na visoko\u0161kolskih ustanovama ili bilo kojoj javnoj ili privatnoj organizaciji koja je aktivna na tr\u017ei\u0161tu rada ili u podru\u010djima obrazovanja, osposobljavanja i mladih; neprofitna organizacija; tijelo koje pru\u017ea usluge profesionalnog usmjeravanja, usluge stru\u010dnog savjetovanja i informiranja.<\/p>\n<p><strong>Vrijeme obavljanja mobilnosti<\/strong><\/p>\n<p>Mobilnost u svrhu stru\u010dnog usavr\u0161avanja odr\u017eat \u0107e se u Bruxellesu, Belgija u razdoblju <strong>od 6. o\u017eujka 2019<\/strong>. godine<strong> do 8. o\u017eujka 2019.<\/strong> godine, u suradnji s partnerima iz Italije &#8211; European Generation (EuGen) i partnerima iz Belgije &#8211; European projects association (EPA). Vi\u0161e informacija o mobilnosti bit \u0107e objavljene naknadno.<\/p>\n<p><em>Napomena:<\/em> Mobilnost osoblja u svrhu stru\u010dnog usavr\u0161avanja mo\u017ee trajati (isklju\u010duju\u0107i dane provedene na putu) najkra\u0107e dva dana, a najdulje 2 mjeseca.<\/p>\n<p><strong>Iznosi financijske potpore<\/strong><\/p>\n<p>Za obra\u010dun financijske potpore za svaku pojedina\u010dnu osobu (nastavno i nenastavno osoblje) uzimaju se u obzir tro\u0161kovi \u017eivota (samo za radne dane provedene na mobilnosti, nu\u017eno ne uklju\u010duju\u0107i dane provedene na putu), te putni tro\u0161kovi odre\u0111eni od strane Europske komisije. Tablicu iznosa za \u017eivotne tro\u0161kove kao i tablicu iznosa za putne tro\u0161kove preuzmite <a href=\"https:\/\/arhiva.libertas.hr\/wp-content\/uploads\/2018\/12\/Tablica_Iznos-financijske-potpore-za-osoblje.pdf\">ovdje.<\/a><\/p>\n<p>Nastavno i nenastavno osoblje koje se prijavi na natje\u010daj, uz uvjet da mu je prijava prihva\u0107ena, ali ne u\u0111e u krug stipendiranog osoblja, mo\u017ee na razmjenu oti\u0107i o vlastitom tro\u0161ku\u00a0 (tzv. zero-grant staff). Na zero-grant staff primjenjuju se sva pravila kao i za (ne)nastavno osoblje koje \u0107e primiti Erasmus+ financijsku potporu. Nastavno i nenastavno osoblje s posebnim potrebama ima pravo na uve\u0107ani iznos financijske potpore (za detalje i opis postupka prijava kandidati su du\u017eni javiti se koordinatoru Konzorcija).<\/p>\n<p><em>Napomena:<\/em> Osoblje ne mo\u017ee dobiti financijsku potporu u okviru programa Erasmus+ ukoliko \u0107e mobilnost biti financirana paralelno iz drugih izvora sredstava koji potje\u010du iz Europske unije. Financijska potpora bit \u0107e ispla\u0107ena u kunskoj protuvrijednosti prema te\u010daju koji odre\u0111uje Agencija za mobilnost i programe Europske unije.<\/p>\n<p><strong>Prijavna dokumentacija<\/strong><\/p>\n<p>Prijavu sa\u010dinjavaju sljede\u0107i dokumenti:<\/p>\n<ol>\n<li>Ispunjen i potpisan obrazac za prijavu mobilnosti (preuzmite <a href=\"https:\/\/arhiva.libertas.hr\/wp-content\/uploads\/2018\/12\/Prijavni-obrazac_Sveu\u010dili\u0161ta-za-EU-projekte.docx\">ovdje.<\/a>);<\/li>\n<li>Preslika osobne iskaznice ili va\u017ee\u0107e putne isprave;<\/li>\n<li>\u017divotopis na hrvatskom ili engleskom jeziku;<\/li>\n<li>Potvrda o zaposlenju na visokom u\u010dili\u0161tu na kojem rade;<\/li>\n<li>Potpisana suglasnost nadre\u0111ene osobe za odsustvo kandidata s radnog mjesta za vrijeme planirane aktivnosti;<\/li>\n<li>Prijavni obrazac osobe s invaliditetom (po potrebi).<\/li>\n<\/ol>\n<p>*Dodatna dokumentacija koju \u0107e biti potrebno dostaviti nakon donijete odluke o dodijeljenoj financijskoj potpori radi stru\u010dnog usavr\u0161avanja, o \u010demu \u0107e odabrani kandidati biti obavije\u0161teni pravovremeno.<\/p>\n<p>Prijave moraju biti dostavljene na slu\u017ebenom prijavnom obrascu s prilo\u017eenom prijavnom dokumentacijom. Svi obrasci sastavni su dio natje\u010daja te su objavljeni uz natje\u010daj. Prijave koje su zaprimljene nakon nazna\u010denog roka (uzimaju\u0107i u obzir datum na po\u0161tanskom pe\u010datu) ne\u0107e biti razmatrane. Prijave se ispunjavaju elektronski te se dostavljaju osobno ili po\u0161tanskim putem preporu\u010denom po\u0161iljkom i to na adresu:<strong> UDRUGA INFORMO, S. CATERINA 9, 52215 VODNJAN, S NAZNAKOM: \u201cNatje\u010daj za mobilnost nastavnog i nenastavnog osoblja u okviru Erasmus+).\u00a0<\/strong>Prijave podnesene elektronskim putem ne\u0107e biti uzete u razmatranje.<\/p>\n<p><strong>Postupak izbora <\/strong><\/p>\n<p>Koordinator Konzorcija oformit \u0107e Povjerenstvo za odabir koji \u0107e se sastojati od tri \u010dlana. Povjerenstvo \u0107e odrediti kojem nastavnom i nenastavnom osoblju \u0107e biti dodijeljena financijska potpora radi stru\u010dnog usavr\u0161avanja. Odluka o izboru bit \u0107e obavljena na web stranici Udruge Informo te na web stranicama visokih u\u010dili\u0161ta.<\/p>\n<p>Prijavljeni kandidati ocjenjivat \u0107e se prema sljede\u0107im kriterijima:<\/p>\n<ol>\n<li>Potpuno i ispravno ispunjen prijavni obrazac, te kompletna dokumentacija tra\u017eena natje\u010dajem;<\/li>\n<li>Znanje jezika (engleski jezik) stru\u010dnog usavr\u0161avanja;<\/li>\n<li>Sveop\u0107a kvaliteta kandidata;<\/li>\n<li>Prednost \u0107e se dati kandidatima\/kandidatkinjama koji do sada nisu sudjelovali u Erasmus+ programu.<\/li>\n<\/ol>\n<p>Postupak izbora odvijat \u0107e se u dva kruga:<\/p>\n<ol>\n<li>Administrativna provjera kandidata &#8211; prvi krug;<\/li>\n<li>Izbor kandidata\/kandidatkinja za mobilnost od strane Povjerenstva za odabir &#8211; drugi krug.<\/li>\n<\/ol>\n<p>Kona\u010dni rezultati natje\u010daja bit \u0107e objavljeni tijekom sije\u010dnja 2019. godine. Rezultati natje\u010daja bit \u0107e objavljeni na web stranicama koordinatora konzorcija i web stranicama visokih u\u010dili\u0161ta, te \u0107e zasebno biti poslani svakom prijavljenom kandidatu putem email-a. Prijavom na natje\u010daj kandidati\/kandidatkinje pristaju da se njihovo ime objavi na popisu izabranih\/odbijenih kandidata ili na listi \u010dekanja.<\/p>\n<p><strong>Postupak \u017ealbe<\/strong><\/p>\n<p>Protiv odluke Povjerenstva mo\u0107i \u0107e se podnijeti \u017ealba u roku od 8 dana od dana objave rezultata natje\u010daja, te se \u017ealba mo\u017ee podnijeti u pisanom obliku koordinatoru Konzorcija Udruzi Informo putem e-mail adrese <a href=\"mailto:laura.sirol@informo.hr\">laura.sirol@informo.hr<\/a>.<\/p>\n<p><strong>Podr\u0161ka<\/strong><\/p>\n<p>Stojimo na raspolaganju za sva pitanja nastavnom i nenastavnom osoblju vezanim uz ovaj natje\u010daj, a obratiti se mogu koordinatoru Konzorcija Udruzi Informo na e-mail: <a href=\"mailto:laura.sirol@informo.hr,\">laura.sirol@informo.hr,<\/a> ili putem broja telefona 098\/172-6465.<\/p>\n","protected":false},"excerpt":{"rendered":"<p>Konzorcij \u201cHrvatska sveu\u010dili\u0161ta za EU projekte\u201d raspisuje NATJE\u010cAJ Za mobilnost nastavnog i nenastavnog osoblja (STT) u okviru\u00a0 programa Erasmus+ klju\u010dne aktivnosti 1 &nbsp; Op\u0107i dio Konzorcij \u201cHrvatska sveu\u010dili\u0161ta za EU projekte\u201d (dalje u tekstu: Konzorcij) objavljuje natje\u010daj za izbor nastavnog i nenastavnog osoblja (STT) kojima \u0107e se dodijeliti financijska potpora radi stru\u010dnog usavr\u0161avanja u 2019. [&hellip;]<\/p>\n","protected":false},"author":5,"featured_media":17331,"comment_status":"closed","ping_status":"open","sticky":false,"template":"","format":"standard","meta":{"footnotes":""},"categories":[24],"tags":[],"class_list":["post-17330","post","type-post","status-publish","format-standard","has-post-thumbnail","hentry","category-novosti"],"_links":{"self":[{"href":"https:\/\/www.libertas.hr\/en\/wp-json\/wp\/v2\/posts\/17330","targetHints":{"allow":["GET"]}}],"collection":[{"href":"https:\/\/www.libertas.hr\/en\/wp-json\/wp\/v2\/posts"}],"about":[{"href":"https:\/\/www.libertas.hr\/en\/wp-json\/wp\/v2\/types\/post"}],"author":[{"embeddable":true,"href":"https:\/\/www.libertas.hr\/en\/wp-json\/wp\/v2\/users\/5"}],"replies":[{"embeddable":true,"href":"https:\/\/www.libertas.hr\/en\/wp-json\/wp\/v2\/comments?post=17330"}],"version-history":[{"count":0,"href":"https:\/\/www.libertas.hr\/en\/wp-json\/wp\/v2\/posts\/17330\/revisions"}],"wp:featuredmedia":[{"embeddable":true,"href":"https:\/\/www.libertas.hr\/en\/wp-json\/wp\/v2\/media\/17331"}],"wp:attachment":[{"href":"https:\/\/www.libertas.hr\/en\/wp-json\/wp\/v2\/media?parent=17330"}],"wp:term":[{"taxonomy":"category","embeddable":true,"href":"https:\/\/www.libertas.hr\/en\/wp-json\/wp\/v2\/categories?post=17330"},{"taxonomy":"post_tag","embeddable":true,"href":"https:\/\/www.libertas.hr\/en\/wp-json\/wp\/v2\/tags?post=17330"}],"curies":[{"name":"wp","href":"https:\/\/api.w.org\/{rel}","templated":true}]}}