{"id":16772,"date":"2018-06-18T15:24:15","date_gmt":"2018-06-18T15:24:15","guid":{"rendered":"https:\/\/www.libertas.hr\/uncategorized-hr\/odrzan-znanstveni-skup-physiotherapie-croatica-2018\/"},"modified":"2018-06-18T15:24:15","modified_gmt":"2018-06-18T15:24:15","slug":"odrzan-znanstveni-skup-physiotherapie-croatica-2018","status":"publish","type":"post","link":"https:\/\/www.libertas.hr\/en\/dogadanja\/odrzan-znanstveni-skup-physiotherapie-croatica-2018\/","title":{"rendered":"Odr\u017ean znanstveni skup \u201ePhysiotherapie Croatica 2018.\u201c"},"content":{"rendered":"<p>U petak, <strong>15. lipnja 2018.<\/strong> u na\u0161oj konferencijskoj dvorani odr\u017ean je znanstveni skup fizioterapeuta u organizaciji Zbora fizioterapeuta i Sveu\u010dili\u0161ta Libertas, a pod pokroviteljstvom Grada Zagreba, Ministarstva zdravstva i Ministarstva znanosti i obrazovanja.<\/p>\n<p>Skup je otvoren uvodnim govorom <strong>predsjednice Zbora fizioterapeuta, Snje\u017eane Benko,<\/strong> te obra\u0107anjem rektora Sveu\u010dili\u0161ta Libertas, <strong>prof.dr.sc. Du\u0161ka Pavlovi\u0107a.<\/strong> U ime Grada Zagreba skupu se obratila i zamjenica gradona\u010delnika Grada Zagreba.<\/p>\n<p>Slijedila su brojna predavanja stru\u010dnjaka iz Hrvatske i inozemstva s podru\u010dja fizioterapije koji su nagla\u0161avali va\u017enost i potrebu za fizioterapijom u \u017eivotu svakog pojedinca. Potrebno je izdvojiti panel koji su odr\u017eali Alan \u0160usti\u0107 i Stanislav Peharec o primjeni mi\u0161i\u0107no-ko\u0161tanog ultrazvuka u fizioterapiji te su isti demonstrirali.<\/p>\n<p>Fakultet zdravstvenih znanosti na\u0161eg Sveu\u010dili\u0161ta, pokretanjem sveu\u010dili\u0161nog preddiplomskog studija Fizioterapije daje svoj doprinos ovoj va\u017enoj grani medicine.<\/p>\n<p><img fetchpriority=\"high\" decoding=\"async\" class=\"aligncenter size-full wp-image-5621\" src=\"https:\/\/www.libertas.hr\/wp-content\/uploads\/2018\/06\/IMG_6649.jpg\" alt=\"\" width=\"1024\" height=\"683\" \/><\/p>\n<p><img decoding=\"async\" class=\"aligncenter size-full wp-image-5622\" src=\"https:\/\/www.libertas.hr\/wp-content\/uploads\/2018\/06\/IMG_6652.jpg\" alt=\"\" width=\"1024\" height=\"683\" \/><\/p>\n<p><img decoding=\"async\" class=\"aligncenter size-full wp-image-5620\" src=\"https:\/\/www.libertas.hr\/wp-content\/uploads\/2018\/06\/IMG_6662.jpg\" alt=\"\" width=\"1024\" height=\"683\" \/><\/p>\n<p><img loading=\"lazy\" decoding=\"async\" class=\"aligncenter size-full wp-image-5623\" src=\"https:\/\/www.libertas.hr\/wp-content\/uploads\/2018\/06\/IMG_6673.jpg\" alt=\"\" width=\"1024\" height=\"683\" \/><\/p>\n<p><img loading=\"lazy\" decoding=\"async\" class=\"aligncenter size-full wp-image-5624\" src=\"https:\/\/www.libertas.hr\/wp-content\/uploads\/2018\/06\/IMG_6750.jpg\" alt=\"\" width=\"1024\" height=\"683\" \/><\/p>\n<p><img loading=\"lazy\" decoding=\"async\" class=\"aligncenter size-full wp-image-5625\" src=\"https:\/\/www.libertas.hr\/wp-content\/uploads\/2018\/06\/IMG_6766.jpg\" alt=\"\" width=\"1024\" height=\"683\" \/><\/p>\n","protected":false},"excerpt":{"rendered":"<p>U petak, 15. lipnja 2018. u na\u0161oj konferencijskoj dvorani odr\u017ean je znanstveni skup fizioterapeuta u organizaciji Zbora fizioterapeuta i Sveu\u010dili\u0161ta Libertas, a pod pokroviteljstvom Grada Zagreba, Ministarstva zdravstva i Ministarstva znanosti i obrazovanja. Skup je otvoren uvodnim govorom predsjednice Zbora fizioterapeuta, Snje\u017eane Benko, te obra\u0107anjem rektora Sveu\u010dili\u0161ta Libertas, prof.dr.sc. Du\u0161ka Pavlovi\u0107a. U ime Grada Zagreba [&hellip;]<\/p>\n","protected":false},"author":5,"featured_media":16764,"comment_status":"closed","ping_status":"open","sticky":false,"template":"","format":"standard","meta":{"footnotes":""},"categories":[23,24],"tags":[],"class_list":["post-16772","post","type-post","status-publish","format-standard","has-post-thumbnail","hentry","category-dogadanja","category-novosti"],"_links":{"self":[{"href":"https:\/\/www.libertas.hr\/en\/wp-json\/wp\/v2\/posts\/16772","targetHints":{"allow":["GET"]}}],"collection":[{"href":"https:\/\/www.libertas.hr\/en\/wp-json\/wp\/v2\/posts"}],"about":[{"href":"https:\/\/www.libertas.hr\/en\/wp-json\/wp\/v2\/types\/post"}],"author":[{"embeddable":true,"href":"https:\/\/www.libertas.hr\/en\/wp-json\/wp\/v2\/users\/5"}],"replies":[{"embeddable":true,"href":"https:\/\/www.libertas.hr\/en\/wp-json\/wp\/v2\/comments?post=16772"}],"version-history":[{"count":0,"href":"https:\/\/www.libertas.hr\/en\/wp-json\/wp\/v2\/posts\/16772\/revisions"}],"wp:featuredmedia":[{"embeddable":true,"href":"https:\/\/www.libertas.hr\/en\/wp-json\/wp\/v2\/media\/16764"}],"wp:attachment":[{"href":"https:\/\/www.libertas.hr\/en\/wp-json\/wp\/v2\/media?parent=16772"}],"wp:term":[{"taxonomy":"category","embeddable":true,"href":"https:\/\/www.libertas.hr\/en\/wp-json\/wp\/v2\/categories?post=16772"},{"taxonomy":"post_tag","embeddable":true,"href":"https:\/\/www.libertas.hr\/en\/wp-json\/wp\/v2\/tags?post=16772"}],"curies":[{"name":"wp","href":"https:\/\/api.w.org\/{rel}","templated":true}]}}