{"id":16751,"date":"2018-06-14T14:06:33","date_gmt":"2018-06-14T14:06:33","guid":{"rendered":"https:\/\/www.libertas.hr\/uncategorized-hr\/novi-doktorski-studij-poslovne-ekonomije-sa-sveucilistem-u-zadru-2\/"},"modified":"2018-06-14T14:06:33","modified_gmt":"2018-06-14T14:06:33","slug":"novi-doktorski-studij-poslovne-ekonomije-sa-sveucilistem-u-zadru-2","status":"publish","type":"post","link":"https:\/\/www.libertas.hr\/en\/novosti\/novi-doktorski-studij-poslovne-ekonomije-sa-sveucilistem-u-zadru-2\/","title":{"rendered":"Novi doktorski studij POSLOVNE EKONOMIJE sa Sveu\u010dili\u0161tem u Zadru"},"content":{"rendered":"<p>Odr\u017ean je sastanak rukovodstava Sveu\u010dili\u0161ta u Zadru, na \u010delu s rektoricom <strong>prof. dr. sc. Dijanom Vican<\/strong>, i Sveu\u010dili\u0161ta Libertas, na \u010delu s rektorom <strong>prof. dr. sc. Du\u0161kom Pavlovi\u0107em.<\/strong><\/p>\n<p>Na sastanku je analizirana dosada\u0161nja izuzetno uspje\u0161na suradnja dvaju Sveu\u010dili\u0161ta te se razgovaralo o zavr\u0161nim pripremama za pokretanje zajedni\u010dkog doktorskog studija Poslovne ekonomije, \u010diji se po\u010detak planira za jesen ove godine.<\/p>\n<p><b>Vi\u0161e o studiju u pripremi mo\u017eete saznati <a href=\"https:\/\/arhiva.libertas.hr\/studiji-i-programi\/poslijediplomski-studiji\/poslovna-ekonomija-doktorski-u-pripremi\/\">ovdje<\/a><\/b>.<\/p>\n<p><img fetchpriority=\"high\" decoding=\"async\" class=\"aligncenter size-full wp-image-5589\" src=\"https:\/\/www.libertas.hr\/wp-content\/uploads\/2018\/06\/IMG_6631.jpg\" alt=\"\" width=\"1024\" height=\"683\" \/><\/p>\n<p><img decoding=\"async\" class=\"aligncenter size-full wp-image-5590\" src=\"https:\/\/www.libertas.hr\/wp-content\/uploads\/2018\/06\/IMG_6627.jpg\" alt=\"\" width=\"1024\" height=\"683\" \/><\/p>\n<p><img decoding=\"async\" class=\"aligncenter size-full wp-image-5591\" src=\"https:\/\/www.libertas.hr\/wp-content\/uploads\/2018\/06\/IMG_6633.jpg\" alt=\"\" width=\"1024\" height=\"683\" \/><\/p>\n","protected":false},"excerpt":{"rendered":"<p>Odr\u017ean je sastanak rukovodstava Sveu\u010dili\u0161ta u Zadru, na \u010delu s rektoricom prof. dr. sc. Dijanom Vican, i Sveu\u010dili\u0161ta Libertas, na \u010delu s rektorom prof. dr. sc. Du\u0161kom Pavlovi\u0107em. Na sastanku je analizirana dosada\u0161nja izuzetno uspje\u0161na suradnja dvaju Sveu\u010dili\u0161ta te se razgovaralo o zavr\u0161nim pripremama za pokretanje zajedni\u010dkog doktorskog studija Poslovne ekonomije, \u010diji se po\u010detak planira [&hellip;]<\/p>\n","protected":false},"author":5,"featured_media":16749,"comment_status":"closed","ping_status":"open","sticky":false,"template":"","format":"standard","meta":{"footnotes":""},"categories":[24],"tags":[],"class_list":["post-16751","post","type-post","status-publish","format-standard","has-post-thumbnail","hentry","category-novosti"],"_links":{"self":[{"href":"https:\/\/www.libertas.hr\/en\/wp-json\/wp\/v2\/posts\/16751","targetHints":{"allow":["GET"]}}],"collection":[{"href":"https:\/\/www.libertas.hr\/en\/wp-json\/wp\/v2\/posts"}],"about":[{"href":"https:\/\/www.libertas.hr\/en\/wp-json\/wp\/v2\/types\/post"}],"author":[{"embeddable":true,"href":"https:\/\/www.libertas.hr\/en\/wp-json\/wp\/v2\/users\/5"}],"replies":[{"embeddable":true,"href":"https:\/\/www.libertas.hr\/en\/wp-json\/wp\/v2\/comments?post=16751"}],"version-history":[{"count":0,"href":"https:\/\/www.libertas.hr\/en\/wp-json\/wp\/v2\/posts\/16751\/revisions"}],"wp:featuredmedia":[{"embeddable":true,"href":"https:\/\/www.libertas.hr\/en\/wp-json\/wp\/v2\/media\/16749"}],"wp:attachment":[{"href":"https:\/\/www.libertas.hr\/en\/wp-json\/wp\/v2\/media?parent=16751"}],"wp:term":[{"taxonomy":"category","embeddable":true,"href":"https:\/\/www.libertas.hr\/en\/wp-json\/wp\/v2\/categories?post=16751"},{"taxonomy":"post_tag","embeddable":true,"href":"https:\/\/www.libertas.hr\/en\/wp-json\/wp\/v2\/tags?post=16751"}],"curies":[{"name":"wp","href":"https:\/\/api.w.org\/{rel}","templated":true}]}}