{"id":16744,"date":"2018-06-13T14:44:03","date_gmt":"2018-06-13T14:44:03","guid":{"rendered":"https:\/\/www.libertas.hr\/uncategorized-hr\/potpisan-sporazum-o-suradnji-s-casopisom-suvremena-trgovina\/"},"modified":"2018-06-13T14:44:03","modified_gmt":"2018-06-13T14:44:03","slug":"potpisan-sporazum-o-suradnji-s-casopisom-suvremena-trgovina","status":"publish","type":"post","link":"https:\/\/www.libertas.hr\/en\/novosti\/potpisan-sporazum-o-suradnji-s-casopisom-suvremena-trgovina\/","title":{"rendered":"Potpisan sporazum o suradnji s \u010dasopisom Suvremena trgovina"},"content":{"rendered":"<p><strong>Sveu\u010dili\u0161te Libertas<\/strong> i \u010dasopis<strong> Suvremena trgovina<\/strong> potpisali su Sporazum o suradnji kojim je definirana zajedni\u010dka aktivnost na pobolj\u0161anju znanja o zbivanjima u trgovinskoj djelatnosti u Hrvatskoj i inozemstvu. Sporazum su potpisali rektor Sveu\u010dili\u0161ta prof.dr.sc. Du\u0161ko Pavlovi\u0107 i direktor Seniko studija d.o.o. gospodin Sre\u0107ko Serti\u0107.<\/p>\n<p>Na bazi potpisanog Sporazuma Libertas \u0107e, me\u0111u ostalim, biti akademski pokrovitelj<strong> konferencija<\/strong> koje organizira Suvremena trgovina uz aktivno u\u010de\u0161\u0107e na\u0161ih profesora i studenata, posebno studenata diplomskog studija Menad\u017ement unutarnje i me\u0111unarodne trgovine.<\/p>\n<p><img fetchpriority=\"high\" decoding=\"async\" class=\"aligncenter size-full wp-image-5584\" src=\"https:\/\/www.libertas.hr\/wp-content\/uploads\/2018\/06\/IMG_6624.jpg\" alt=\"\" width=\"1024\" height=\"683\" \/><\/p>\n","protected":false},"excerpt":{"rendered":"<p>Sveu\u010dili\u0161te Libertas i \u010dasopis Suvremena trgovina potpisali su Sporazum o suradnji kojim je definirana zajedni\u010dka aktivnost na pobolj\u0161anju znanja o zbivanjima u trgovinskoj djelatnosti u Hrvatskoj i inozemstvu. Sporazum su potpisali rektor Sveu\u010dili\u0161ta prof.dr.sc. Du\u0161ko Pavlovi\u0107 i direktor Seniko studija d.o.o. gospodin Sre\u0107ko Serti\u0107. Na bazi potpisanog Sporazuma Libertas \u0107e, me\u0111u ostalim, biti akademski pokrovitelj [&hellip;]<\/p>\n","protected":false},"author":5,"featured_media":16742,"comment_status":"closed","ping_status":"open","sticky":false,"template":"","format":"standard","meta":{"footnotes":""},"categories":[24],"tags":[],"class_list":["post-16744","post","type-post","status-publish","format-standard","has-post-thumbnail","hentry","category-novosti"],"_links":{"self":[{"href":"https:\/\/www.libertas.hr\/en\/wp-json\/wp\/v2\/posts\/16744","targetHints":{"allow":["GET"]}}],"collection":[{"href":"https:\/\/www.libertas.hr\/en\/wp-json\/wp\/v2\/posts"}],"about":[{"href":"https:\/\/www.libertas.hr\/en\/wp-json\/wp\/v2\/types\/post"}],"author":[{"embeddable":true,"href":"https:\/\/www.libertas.hr\/en\/wp-json\/wp\/v2\/users\/5"}],"replies":[{"embeddable":true,"href":"https:\/\/www.libertas.hr\/en\/wp-json\/wp\/v2\/comments?post=16744"}],"version-history":[{"count":0,"href":"https:\/\/www.libertas.hr\/en\/wp-json\/wp\/v2\/posts\/16744\/revisions"}],"wp:featuredmedia":[{"embeddable":true,"href":"https:\/\/www.libertas.hr\/en\/wp-json\/wp\/v2\/media\/16742"}],"wp:attachment":[{"href":"https:\/\/www.libertas.hr\/en\/wp-json\/wp\/v2\/media?parent=16744"}],"wp:term":[{"taxonomy":"category","embeddable":true,"href":"https:\/\/www.libertas.hr\/en\/wp-json\/wp\/v2\/categories?post=16744"},{"taxonomy":"post_tag","embeddable":true,"href":"https:\/\/www.libertas.hr\/en\/wp-json\/wp\/v2\/tags?post=16744"}],"curies":[{"name":"wp","href":"https:\/\/api.w.org\/{rel}","templated":true}]}}