{"id":16736,"date":"2018-06-07T13:14:08","date_gmt":"2018-06-07T13:14:08","guid":{"rendered":"https:\/\/www.libertas.hr\/uncategorized-hr\/odrzana-svecana-promocija-120-libertasovih-diplomanata\/"},"modified":"2018-06-07T13:14:08","modified_gmt":"2018-06-07T13:14:08","slug":"odrzana-svecana-promocija-120-libertasovih-diplomanata","status":"publish","type":"post","link":"https:\/\/www.libertas.hr\/en\/dogadanja\/odrzana-svecana-promocija-120-libertasovih-diplomanata\/","title":{"rendered":"Odr\u017eana sve\u010dana promocija 120 Libertasovih diplomanata"},"content":{"rendered":"<p>Odr\u017eana je sve\u010dana promocija diplomanata Sveu\u010dili\u0161ta Libertas, <strong>05. lipnja 2018<\/strong>. u Zagreba\u010dkom kazali\u0161tu mladih. Pred oko <strong>500 <\/strong>uzvanika, diplome je primilo <strong>120<\/strong> diplomiranih studenata Libertasovih preddiplomskih sveu\u010dili\u0161nih i stru\u010dnih studija te diplomskih specijalisti\u010dkih i magistarskih studija, a koji su diplomirali od zadnje promocije odr\u017eane u prosincu 2017. do svibnja 2018. godine.<\/p>\n<p>Sve\u010danu promociju je otvorio rektor Sveu\u010dili\u0161ta prof. dr. sc. Du\u0161ko Pavlovi\u0107 koji je \u010destitao diplomantima na akademskim postignu\u0107ima i naglasio va\u017enost visokog obrazovanja i ste\u010denog znanja za budu\u0107e zaposlenje na izazovnom tr\u017ei\u0161tu rada.<\/p>\n<p><iframe src=\"https:\/\/www.youtube.com\/embed\/6Bgloar496o\" width=\"560\" height=\"315\" frameborder=\"0\" allowfullscreen=\"allowfullscreen\"><\/iframe><\/p>\n<p><img fetchpriority=\"high\" decoding=\"async\" class=\"aligncenter size-full wp-image-5533\" src=\"https:\/\/www.libertas.hr\/wp-content\/uploads\/2018\/06\/DSC_6529.jpg\" alt=\"\" width=\"1152\" height=\"768\" \/><\/p>\n<p><img decoding=\"async\" class=\"aligncenter size-full wp-image-5534\" src=\"https:\/\/www.libertas.hr\/wp-content\/uploads\/2018\/06\/DSC_6531.jpg\" alt=\"\" width=\"1150\" height=\"768\" \/><\/p>\n<p><img decoding=\"async\" class=\"aligncenter size-full wp-image-5536\" src=\"https:\/\/www.libertas.hr\/wp-content\/uploads\/2018\/06\/DSC_8801-2.jpg\" alt=\"\" width=\"1152\" height=\"768\" \/><\/p>\n","protected":false},"excerpt":{"rendered":"<p>Odr\u017eana je sve\u010dana promocija diplomanata Sveu\u010dili\u0161ta Libertas, 05. lipnja 2018. u Zagreba\u010dkom kazali\u0161tu mladih. Pred oko 500 uzvanika, diplome je primilo 120 diplomiranih studenata Libertasovih preddiplomskih sveu\u010dili\u0161nih i stru\u010dnih studija te diplomskih specijalisti\u010dkih i magistarskih studija, a koji su diplomirali od zadnje promocije odr\u017eane u prosincu 2017. do svibnja 2018. godine. Sve\u010danu promociju je otvorio [&hellip;]<\/p>\n","protected":false},"author":5,"featured_media":16737,"comment_status":"closed","ping_status":"open","sticky":false,"template":"","format":"standard","meta":{"footnotes":""},"categories":[23,24],"tags":[],"class_list":["post-16736","post","type-post","status-publish","format-standard","has-post-thumbnail","hentry","category-dogadanja","category-novosti"],"_links":{"self":[{"href":"https:\/\/www.libertas.hr\/en\/wp-json\/wp\/v2\/posts\/16736","targetHints":{"allow":["GET"]}}],"collection":[{"href":"https:\/\/www.libertas.hr\/en\/wp-json\/wp\/v2\/posts"}],"about":[{"href":"https:\/\/www.libertas.hr\/en\/wp-json\/wp\/v2\/types\/post"}],"author":[{"embeddable":true,"href":"https:\/\/www.libertas.hr\/en\/wp-json\/wp\/v2\/users\/5"}],"replies":[{"embeddable":true,"href":"https:\/\/www.libertas.hr\/en\/wp-json\/wp\/v2\/comments?post=16736"}],"version-history":[{"count":0,"href":"https:\/\/www.libertas.hr\/en\/wp-json\/wp\/v2\/posts\/16736\/revisions"}],"wp:featuredmedia":[{"embeddable":true,"href":"https:\/\/www.libertas.hr\/en\/wp-json\/wp\/v2\/media\/16737"}],"wp:attachment":[{"href":"https:\/\/www.libertas.hr\/en\/wp-json\/wp\/v2\/media?parent=16736"}],"wp:term":[{"taxonomy":"category","embeddable":true,"href":"https:\/\/www.libertas.hr\/en\/wp-json\/wp\/v2\/categories?post=16736"},{"taxonomy":"post_tag","embeddable":true,"href":"https:\/\/www.libertas.hr\/en\/wp-json\/wp\/v2\/tags?post=16736"}],"curies":[{"name":"wp","href":"https:\/\/api.w.org\/{rel}","templated":true}]}}