{"id":16463,"date":"2019-01-28T14:41:04","date_gmt":"2019-01-28T14:41:04","guid":{"rendered":"https:\/\/www.libertas.hr\/uncategorized-hr\/cestitamo-sveucilistu-u-zadru-dan-sveucilista\/"},"modified":"2019-01-28T14:41:04","modified_gmt":"2019-01-28T14:41:04","slug":"cestitamo-sveucilistu-u-zadru-dan-sveucilista","status":"publish","type":"post","link":"https:\/\/www.libertas.hr\/en\/novosti\/cestitamo-sveucilistu-u-zadru-dan-sveucilista\/","title":{"rendered":"\u010cestitamo Sveu\u010dili\u0161tu u Zadru Dan Sveu\u010dili\u0161ta"},"content":{"rendered":"<p>25.o\u017eujka Sveu\u010dili\u0161te u Zadru proslavilo je Dies academicus, odnosno Dan Sveu\u010dili\u0161ta. Libertas me\u0111unarodno sveu\u010dili\u0161te zajedni\u010dki izvodi poslijediplomski sveu\u010dili\u0161ni studij Me\u0111unarodni odnosi sa Sveu\u010dili\u0161tem u Zadru. Rezultat me\u0111usobne suradnje je ve\u0107 5.generacija upisanih doktoranada i nekoliko doktora znanosti koji su studij zavr\u0161ili. O\u010dekujemo jednako kvalitetnu suradnju i u narednom razdoblju.<\/p>\n<p>\u010cestitamo Sveu\u010dili\u0161tu u Zadru Dan Sveu\u010dili\u0161ta!<\/p>\n\n","protected":false},"excerpt":{"rendered":"<p>25.o\u017eujka Sveu\u010dili\u0161te u Zadru proslavilo je Dies academicus, odnosno Dan Sveu\u010dili\u0161ta. Libertas me\u0111unarodno sveu\u010dili\u0161te zajedni\u010dki izvodi poslijediplomski sveu\u010dili\u0161ni studij Me\u0111unarodni odnosi sa Sveu\u010dili\u0161tem u Zadru. Rezultat me\u0111usobne suradnje je ve\u0107 5.generacija upisanih doktoranada i nekoliko doktora znanosti koji su studij zavr\u0161ili. O\u010dekujemo jednako kvalitetnu suradnju i u narednom razdoblju. \u010cestitamo Sveu\u010dili\u0161tu u Zadru Dan Sveu\u010dili\u0161ta!<\/p>\n","protected":false},"author":5,"featured_media":16464,"comment_status":"closed","ping_status":"open","sticky":false,"template":"","format":"standard","meta":{"footnotes":""},"categories":[24],"tags":[],"class_list":["post-16463","post","type-post","status-publish","format-standard","has-post-thumbnail","hentry","category-novosti"],"_links":{"self":[{"href":"https:\/\/www.libertas.hr\/en\/wp-json\/wp\/v2\/posts\/16463","targetHints":{"allow":["GET"]}}],"collection":[{"href":"https:\/\/www.libertas.hr\/en\/wp-json\/wp\/v2\/posts"}],"about":[{"href":"https:\/\/www.libertas.hr\/en\/wp-json\/wp\/v2\/types\/post"}],"author":[{"embeddable":true,"href":"https:\/\/www.libertas.hr\/en\/wp-json\/wp\/v2\/users\/5"}],"replies":[{"embeddable":true,"href":"https:\/\/www.libertas.hr\/en\/wp-json\/wp\/v2\/comments?post=16463"}],"version-history":[{"count":0,"href":"https:\/\/www.libertas.hr\/en\/wp-json\/wp\/v2\/posts\/16463\/revisions"}],"wp:featuredmedia":[{"embeddable":true,"href":"https:\/\/www.libertas.hr\/en\/wp-json\/wp\/v2\/media\/16464"}],"wp:attachment":[{"href":"https:\/\/www.libertas.hr\/en\/wp-json\/wp\/v2\/media?parent=16463"}],"wp:term":[{"taxonomy":"category","embeddable":true,"href":"https:\/\/www.libertas.hr\/en\/wp-json\/wp\/v2\/categories?post=16463"},{"taxonomy":"post_tag","embeddable":true,"href":"https:\/\/www.libertas.hr\/en\/wp-json\/wp\/v2\/tags?post=16463"}],"curies":[{"name":"wp","href":"https:\/\/api.w.org\/{rel}","templated":true}]}}