{"id":16433,"date":"2019-03-25T10:24:53","date_gmt":"2019-03-25T10:24:53","guid":{"rendered":"https:\/\/www.libertas.hr\/uncategorized-hr\/predavanje-u-dubrovackim-knjiznicama-zivjeti-se-nemora-o-smrti-iz-tri-kuta\/"},"modified":"2019-03-25T10:24:53","modified_gmt":"2019-03-25T10:24:53","slug":"predavanje-u-dubrovackim-knjiznicama-zivjeti-se-nemora-o-smrti-iz-tri-kuta","status":"publish","type":"post","link":"https:\/\/www.libertas.hr\/en\/dogadanja\/predavanje-u-dubrovackim-knjiznicama-zivjeti-se-nemora-o-smrti-iz-tri-kuta\/","title":{"rendered":"Predavanje u Dubrova\u010dkim knji\u017enicama &#8211; \u017divjeti se (ne)mora: O smrti iz tri kuta"},"content":{"rendered":"<p>U organizaciji Dubrova\u010dkih knji\u017enica Dubrovnik i Libertas me\u0111unarodnog sveu\u010dili\u0161ta odr\u017eano je javno predavanje u \u010ditaonici znanstvene knji\u017enice Dubrovnik pod naslovom \u201c\u017divjeti se (ne)mora: O smrti iz tri kuta\u201d. Na predavanju su bili prisutni gra\u0111ani Dubrovnika, lokalni mediji, studenti Sveu\u010dili\u0161ta Libertas, kao i slu\u010dajni namjernici, a o naslovnoj temi govorili su im iz perspektive svojih respektivnih zanimanja dr. sc. Igor Bori\u0107, dr. med. (lije\u010dnik &#8211; Biologija smrti), dr. sc. Maroje Vi\u0161i\u0107 (filozof &#8211; Smrt kao unutra\u0161nji poziv na revoluciju), i don Jerko Ban, MFA (teolog &#8211; Ars vivendi i Ars moriendi). Predavanje moderirao dr. sc. Stipe Buzar, docent pri Libertas me\u0111unarodnom sveu\u010dili\u0161tu.<\/p>\n<p>Ovom prigodom zahvaljujemo gra\u0111anima na interesu za ovom vrstom predavanja i dru\u017eenja, a posebne zahvale izri\u010demo Dubrova\u010dkim knji\u017enicama Dubrovnik na iznimno otvorenoj i srda\u010dnoj suradnji koju smo od ove akademske godine zapo\u010deli.<\/p>\n<p><img fetchpriority=\"high\" decoding=\"async\" class=\"alignnone wp-image-7954 size-full\" src=\"https:\/\/www.libertas.hr\/wp-content\/uploads\/2019\/03\/20190318_180356.jpg\" alt=\"\" width=\"1024\" height=\"768\" \/><\/p>\n<p><img decoding=\"async\" class=\"wp-image-7956 size-full aligncenter\" src=\"https:\/\/www.libertas.hr\/wp-content\/uploads\/2019\/03\/20190318_180409-e1553509456641.jpg\" alt=\"\" width=\"768\" height=\"1024\" \/><\/p>\n","protected":false},"excerpt":{"rendered":"<p>U organizaciji Dubrova\u010dkih knji\u017enica Dubrovnik i Libertas me\u0111unarodnog sveu\u010dili\u0161ta odr\u017eano je javno predavanje u \u010ditaonici znanstvene knji\u017enice Dubrovnik pod naslovom \u201c\u017divjeti se (ne)mora: O smrti iz tri kuta\u201d. Na predavanju su bili prisutni gra\u0111ani Dubrovnika, lokalni mediji, studenti Sveu\u010dili\u0161ta Libertas, kao i slu\u010dajni namjernici, a o naslovnoj temi govorili su im iz perspektive svojih respektivnih [&hellip;]<\/p>\n","protected":false},"author":5,"featured_media":16429,"comment_status":"closed","ping_status":"open","sticky":false,"template":"","format":"standard","meta":{"footnotes":""},"categories":[23,24],"tags":[],"class_list":["post-16433","post","type-post","status-publish","format-standard","has-post-thumbnail","hentry","category-dogadanja","category-novosti"],"_links":{"self":[{"href":"https:\/\/www.libertas.hr\/en\/wp-json\/wp\/v2\/posts\/16433","targetHints":{"allow":["GET"]}}],"collection":[{"href":"https:\/\/www.libertas.hr\/en\/wp-json\/wp\/v2\/posts"}],"about":[{"href":"https:\/\/www.libertas.hr\/en\/wp-json\/wp\/v2\/types\/post"}],"author":[{"embeddable":true,"href":"https:\/\/www.libertas.hr\/en\/wp-json\/wp\/v2\/users\/5"}],"replies":[{"embeddable":true,"href":"https:\/\/www.libertas.hr\/en\/wp-json\/wp\/v2\/comments?post=16433"}],"version-history":[{"count":0,"href":"https:\/\/www.libertas.hr\/en\/wp-json\/wp\/v2\/posts\/16433\/revisions"}],"wp:featuredmedia":[{"embeddable":true,"href":"https:\/\/www.libertas.hr\/en\/wp-json\/wp\/v2\/media\/16429"}],"wp:attachment":[{"href":"https:\/\/www.libertas.hr\/en\/wp-json\/wp\/v2\/media?parent=16433"}],"wp:term":[{"taxonomy":"category","embeddable":true,"href":"https:\/\/www.libertas.hr\/en\/wp-json\/wp\/v2\/categories?post=16433"},{"taxonomy":"post_tag","embeddable":true,"href":"https:\/\/www.libertas.hr\/en\/wp-json\/wp\/v2\/tags?post=16433"}],"curies":[{"name":"wp","href":"https:\/\/api.w.org\/{rel}","templated":true}]}}