{"id":16379,"date":"2019-01-14T15:18:42","date_gmt":"2019-01-14T15:18:42","guid":{"rendered":"https:\/\/www.libertas.hr\/uncategorized-hr\/obrana-doktorske-disertacije-dr-sc-tamare-ratkovic\/"},"modified":"2019-01-14T15:18:42","modified_gmt":"2019-01-14T15:18:42","slug":"obrana-doktorske-disertacije-dr-sc-tamare-ratkovic","status":"publish","type":"post","link":"https:\/\/www.libertas.hr\/en\/novosti\/obrana-doktorske-disertacije-dr-sc-tamare-ratkovic\/","title":{"rendered":"Obrana doktorske disertacije dr.sc. Tamare Ratkovi\u0107"},"content":{"rendered":"<div>\n<div>Danas, 14. o\u017eujka 2019. godine u prostorijama Libertas me\u0111unarodnog sveu\u010dili\u0161ta gospo\u0111a Tamara Ratkovi\u0107, prof., javno je obranila doktorski rad pod naslovom \u201cRazvojne mogu\u0107nosti sporta kao sastavnice nacionalnog gospodarstva u me\u0111unarodnom poslovnom okru\u017eenju\u201d pred stru\u010dnim povjerenstvom; prof. dr. sc. Markom Kolakovi\u0107em\u00a0 (predsjednik povjerenstva), dr. sc. Ivom Andrijani\u0107em, prof. emeritus (mentor) i prof. dr. sc. Du\u0161kom Pavlovi\u0107em (\u010dlan).<\/div>\n<\/div>\n<div><\/div>\n<div>Kolegica Ratkovi\u0107 profesorica je kineziologije sporta, licencirana predava\u010dica MK pilates metode, aerobik i fitness menad\u017eerica, te autorica nekoliko knjiga na temu pilatesa. Od nedavno sudjeluje na me\u0111unarodnim konferencija na temu sporta i menad\u017ementa u sportu, te pi\u0161e stru\u010dne i znanstvene \u010dlanke. \u010cestitamo kolegici na obranjenom doktorskom radu i \u017eelimo joj puno uspjeha u budu\u0107nosti!<\/div>\n<div><\/div>\n<div>\n\n<\/div>\n<div><\/div>\n","protected":false},"excerpt":{"rendered":"<p>Danas, 14. o\u017eujka 2019. godine u prostorijama Libertas me\u0111unarodnog sveu\u010dili\u0161ta gospo\u0111a Tamara Ratkovi\u0107, prof., javno je obranila doktorski rad pod naslovom \u201cRazvojne mogu\u0107nosti sporta kao sastavnice nacionalnog gospodarstva u me\u0111unarodnom poslovnom okru\u017eenju\u201d pred stru\u010dnim povjerenstvom; prof. dr. sc. Markom Kolakovi\u0107em\u00a0 (predsjednik povjerenstva), dr. sc. Ivom Andrijani\u0107em, prof. emeritus (mentor) i prof. dr. sc. Du\u0161kom Pavlovi\u0107em [&hellip;]<\/p>\n","protected":false},"author":5,"featured_media":16380,"comment_status":"closed","ping_status":"open","sticky":false,"template":"","format":"standard","meta":{"footnotes":""},"categories":[24],"tags":[],"class_list":["post-16379","post","type-post","status-publish","format-standard","has-post-thumbnail","hentry","category-novosti"],"_links":{"self":[{"href":"https:\/\/www.libertas.hr\/en\/wp-json\/wp\/v2\/posts\/16379","targetHints":{"allow":["GET"]}}],"collection":[{"href":"https:\/\/www.libertas.hr\/en\/wp-json\/wp\/v2\/posts"}],"about":[{"href":"https:\/\/www.libertas.hr\/en\/wp-json\/wp\/v2\/types\/post"}],"author":[{"embeddable":true,"href":"https:\/\/www.libertas.hr\/en\/wp-json\/wp\/v2\/users\/5"}],"replies":[{"embeddable":true,"href":"https:\/\/www.libertas.hr\/en\/wp-json\/wp\/v2\/comments?post=16379"}],"version-history":[{"count":0,"href":"https:\/\/www.libertas.hr\/en\/wp-json\/wp\/v2\/posts\/16379\/revisions"}],"wp:featuredmedia":[{"embeddable":true,"href":"https:\/\/www.libertas.hr\/en\/wp-json\/wp\/v2\/media\/16380"}],"wp:attachment":[{"href":"https:\/\/www.libertas.hr\/en\/wp-json\/wp\/v2\/media?parent=16379"}],"wp:term":[{"taxonomy":"category","embeddable":true,"href":"https:\/\/www.libertas.hr\/en\/wp-json\/wp\/v2\/categories?post=16379"},{"taxonomy":"post_tag","embeddable":true,"href":"https:\/\/www.libertas.hr\/en\/wp-json\/wp\/v2\/tags?post=16379"}],"curies":[{"name":"wp","href":"https:\/\/api.w.org\/{rel}","templated":true}]}}