{"id":16310,"date":"2018-12-13T14:45:42","date_gmt":"2018-12-13T14:45:42","guid":{"rendered":"https:\/\/www.libertas.hr\/uncategorized-hr\/odrzana-svecana-promocija-diplomanata-u-dubrovniku-2\/"},"modified":"2025-05-27T11:20:25","modified_gmt":"2025-05-27T11:20:25","slug":"odrzana-svecana-promocija-diplomanata-u-dubrovniku","status":"publish","type":"post","link":"https:\/\/www.libertas.hr\/en\/dogadanja\/odrzana-svecana-promocija-diplomanata-u-dubrovniku\/","title":{"rendered":"Odr\u017eana sve\u010dana promocija diplomanata u Dubrovniku"},"content":{"rendered":"<p><strong>12.prosinca 2018. <\/strong>godine u kongresnoj dvorani hotela Excelsior u Dubrovniku diplome se sve\u010dano primili Libertasovi diplomanti preddiplomskih studija.<\/p>\n<p>Rektor Sveu\u010dili\u0161ta Libertas<strong> prof.dr.sc. Du\u0161ko Pavlovi\u0107<\/strong> odr\u017eao je kratki govor u kojem je\u00a0naglasio va\u017enost obrazovanja i cjelo\u017eivotnog u\u010denja, te potaknuo diplomante na nastavak procesa obrazovanja i nakon stjecanja diplome.\u00a0Pro\u010delnik UO za obrazovanje, \u0161port, socijalnu skrb i civilno dru\u0161tvo <strong>\u0110ivo Br\u010di\u0107 t<\/strong>ako\u0111er je uputio \u010destitke diplomantima i njihovim obiteljima, te im po\u017eelio jo\u0161 barem jednu dodjelu diploma.\u00a0Nakon promocije prvostupnici i svi uzvanici nastavili su slavlje i dru\u017eenje prigodnim domjenkom.<\/p>\n<p><em>\u010cestitamo na\u0161im diplomantima i \u017eelimo im puno sre\u0107e bilo u nastavku obrazovanja ili na tr\u017ei\u0161tu rada!<\/em><\/p>\n<p><img fetchpriority=\"high\" decoding=\"async\" class=\"alignnone size-full wp-image-6843\" src=\"https:\/\/www.libertas.hr\/wp-content\/uploads\/2018\/12\/IMG_0148.jpg\" alt=\"\" width=\"1024\" height=\"683\" \/><\/p>\n<p><img decoding=\"async\" class=\"alignnone size-full wp-image-6845\" src=\"https:\/\/www.libertas.hr\/wp-content\/uploads\/2018\/12\/EOS_0251.jpg\" alt=\"\" width=\"1024\" height=\"683\" \/><\/p>\n<p><img decoding=\"async\" class=\"alignnone size-full wp-image-6851\" src=\"https:\/\/www.libertas.hr\/wp-content\/uploads\/2018\/12\/IMG_0121.jpg\" alt=\"\" width=\"1024\" height=\"683\" \/><\/p>\n<p><img loading=\"lazy\" decoding=\"async\" class=\"size-full wp-image-6847 aligncenter\" src=\"https:\/\/www.libertas.hr\/wp-content\/uploads\/2018\/12\/EOS_0306.jpg\" alt=\"\" width=\"683\" height=\"1024\" \/><\/p>\n<p><img loading=\"lazy\" decoding=\"async\" class=\"alignnone size-full wp-image-6849\" src=\"https:\/\/www.libertas.hr\/wp-content\/uploads\/2018\/12\/IMG_0120.jpg\" alt=\"\" width=\"1024\" height=\"683\" \/><\/p>\n<p><i>Sve\u010danu promociju su, kako i prili\u010di ovom sve\u010danom danu, popratili i lokalni mediji:<br \/>\n<span style=\"color: #3d85c6;\"><a href=\"https:\/\/www.dulist.hr\/foto-bravo-svecano-promovirani-prvostupnici-sveucilista-libertas\/544013\/\" target=\"_blank\" rel=\"noopener\" data-saferedirecturl=\"https:\/\/www.google.com\/url?q=https:\/\/www.dulist.hr\/foto-bravo-svecano-promovirani-prvostupnici-sveucilista-libertas\/544013\/&amp;source=gmail&amp;ust=1544783916423000&amp;usg=AFQjCNEOXGebk9lgutuNpKlR9hSRW555YA\">Sve\u010dano promovirani prvostupnici Sveu\u010dili\u0161ta Libertas<\/a><br \/>\n<a href=\"https:\/\/dubrovacki.slobodnadalmacija.hr\/zupanija\/dubrovnik\/clanak\/id\/579467\/svecanost-u-excelsioru-promocija-studenata-preddiplomskih-studija-libertas-meunarodnog-sveucilista\" target=\"_blank\" rel=\"noopener\" data-saferedirecturl=\"https:\/\/www.google.com\/url?q=https:\/\/dubrovacki.slobodnadalmacija.hr\/zupanija\/dubrovnik\/clanak\/id\/579467\/svecanost-u-excelsioru-promocija-studenata-preddiplomskih-studija-libertas-meunarodnog-sveucilista&amp;source=gmail&amp;ust=1544783916423000&amp;usg=AFQjCNHlR8ycT7jnMHwytYEGemCXRrJkrg\">Sve\u010danost u hotelu Excelsior:\u00a0<span style=\"font-family: arial, helvetica, sans-serif;\">Promocija studenata preddiplomskih studija Libertas me\u0111unarodnog sveu\u010dili\u0161ta<\/span><\/a><\/span><\/i><\/p>\n","protected":false},"excerpt":{"rendered":"<p>12.prosinca 2018. godine u kongresnoj dvorani hotela Excelsior u Dubrovniku diplome se sve\u010dano primili Libertasovi diplomanti preddiplomskih studija. Rektor Sveu\u010dili\u0161ta Libertas prof.dr.sc. Du\u0161ko Pavlovi\u0107 odr\u017eao je kratki govor u kojem je\u00a0naglasio va\u017enost obrazovanja i cjelo\u017eivotnog u\u010denja, te potaknuo diplomante na nastavak procesa obrazovanja i nakon stjecanja diplome.\u00a0Pro\u010delnik UO za obrazovanje, \u0161port, socijalnu skrb i civilno [&hellip;]<\/p>\n","protected":false},"author":5,"featured_media":15743,"comment_status":"closed","ping_status":"open","sticky":false,"template":"","format":"standard","meta":{"footnotes":""},"categories":[23,24],"tags":[],"class_list":["post-16310","post","type-post","status-publish","format-standard","has-post-thumbnail","hentry","category-dogadanja","category-novosti"],"_links":{"self":[{"href":"https:\/\/www.libertas.hr\/en\/wp-json\/wp\/v2\/posts\/16310","targetHints":{"allow":["GET"]}}],"collection":[{"href":"https:\/\/www.libertas.hr\/en\/wp-json\/wp\/v2\/posts"}],"about":[{"href":"https:\/\/www.libertas.hr\/en\/wp-json\/wp\/v2\/types\/post"}],"author":[{"embeddable":true,"href":"https:\/\/www.libertas.hr\/en\/wp-json\/wp\/v2\/users\/5"}],"replies":[{"embeddable":true,"href":"https:\/\/www.libertas.hr\/en\/wp-json\/wp\/v2\/comments?post=16310"}],"version-history":[{"count":1,"href":"https:\/\/www.libertas.hr\/en\/wp-json\/wp\/v2\/posts\/16310\/revisions"}],"predecessor-version":[{"id":17348,"href":"https:\/\/www.libertas.hr\/en\/wp-json\/wp\/v2\/posts\/16310\/revisions\/17348"}],"wp:featuredmedia":[{"embeddable":true,"href":"https:\/\/www.libertas.hr\/en\/wp-json\/wp\/v2\/media\/15743"}],"wp:attachment":[{"href":"https:\/\/www.libertas.hr\/en\/wp-json\/wp\/v2\/media?parent=16310"}],"wp:term":[{"taxonomy":"category","embeddable":true,"href":"https:\/\/www.libertas.hr\/en\/wp-json\/wp\/v2\/categories?post=16310"},{"taxonomy":"post_tag","embeddable":true,"href":"https:\/\/www.libertas.hr\/en\/wp-json\/wp\/v2\/tags?post=16310"}],"curies":[{"name":"wp","href":"https:\/\/api.w.org\/{rel}","templated":true}]}}