{"id":16223,"date":"2019-11-18T11:10:33","date_gmt":"2019-11-18T11:10:33","guid":{"rendered":"https:\/\/www.libertas.hr\/uncategorized-hr\/in-memoriam-branku-lustigu\/"},"modified":"2019-11-18T11:10:33","modified_gmt":"2019-11-18T11:10:33","slug":"in-memoriam-branku-lustigu","status":"publish","type":"post","link":"https:\/\/www.libertas.hr\/en\/novosti\/in-memoriam-branku-lustigu\/","title":{"rendered":"In memoriam &#8211; Branku Lustigu"},"content":{"rendered":"<div dir=\"ltr\">\n<div><strong><em>In memoriam &#8211; Branku Lustigu<\/em><\/strong><\/div>\n<div><span style=\"color: #ffffff;\">&#8212;<\/span><\/div>\n<ul>\n<li>hrvatskom producentu i glumcu, umjetniku svjetskoga glasa. Branko Lustig bio je jedan od sudionika stvaranja Fakulteta scenskih umjetnosti Sveu\u010dili\u0161ta Libertas<\/li>\n<li>Upute, savjeti i anga\u017eman s kojima je pomogao u kreiranju na\u0161eg studija mogu biti pokazatelj novim generacijama\u00a0 na\u0161ih studenata studija Glume<\/li>\n<\/ul>\n<\/div>\n<div>Zahvaljujemo velikom umjetniku na doprinosu pri izradi izvedbenog plana i programa na\u0161eg studija!<\/div>\n<div><\/div>\n<div><span style=\"color: #ffffff;\">&#8212;<\/span><\/div>\n<div>\n<figure id=\"attachment_11648\" aria-describedby=\"caption-attachment-11648\" style=\"width: 1280px\" class=\"wp-caption alignleft\"><img fetchpriority=\"high\" decoding=\"async\" class=\"size-full wp-image-11648\" src=\"https:\/\/www.libertas.hr\/wp-content\/uploads\/2019\/11\/branko-lustig.jpg\" alt=\"\" width=\"1280\" height=\"853\" \/><figcaption id=\"caption-attachment-11648\" class=\"wp-caption-text\">Fotografija preuzeta s: https:\/\/progledajmo.com\/2019\/11\/14\/umro-je-hrvatski-oskarovac-producent-i-glumac-branko-lustig\/<\/figcaption><\/figure>\n<\/div>\n","protected":false},"excerpt":{"rendered":"<p>In memoriam &#8211; Branku Lustigu &#8212; hrvatskom producentu i glumcu, umjetniku svjetskoga glasa. Branko Lustig bio je jedan od sudionika stvaranja Fakulteta scenskih umjetnosti Sveu\u010dili\u0161ta Libertas Upute, savjeti i anga\u017eman s kojima je pomogao u kreiranju na\u0161eg studija mogu biti pokazatelj novim generacijama\u00a0 na\u0161ih studenata studija Glume Zahvaljujemo velikom umjetniku na doprinosu pri izradi izvedbenog [&hellip;]<\/p>\n","protected":false},"author":5,"featured_media":16221,"comment_status":"closed","ping_status":"open","sticky":false,"template":"","format":"standard","meta":{"footnotes":""},"categories":[24],"tags":[],"class_list":["post-16223","post","type-post","status-publish","format-standard","has-post-thumbnail","hentry","category-novosti"],"_links":{"self":[{"href":"https:\/\/www.libertas.hr\/en\/wp-json\/wp\/v2\/posts\/16223","targetHints":{"allow":["GET"]}}],"collection":[{"href":"https:\/\/www.libertas.hr\/en\/wp-json\/wp\/v2\/posts"}],"about":[{"href":"https:\/\/www.libertas.hr\/en\/wp-json\/wp\/v2\/types\/post"}],"author":[{"embeddable":true,"href":"https:\/\/www.libertas.hr\/en\/wp-json\/wp\/v2\/users\/5"}],"replies":[{"embeddable":true,"href":"https:\/\/www.libertas.hr\/en\/wp-json\/wp\/v2\/comments?post=16223"}],"version-history":[{"count":0,"href":"https:\/\/www.libertas.hr\/en\/wp-json\/wp\/v2\/posts\/16223\/revisions"}],"wp:featuredmedia":[{"embeddable":true,"href":"https:\/\/www.libertas.hr\/en\/wp-json\/wp\/v2\/media\/16221"}],"wp:attachment":[{"href":"https:\/\/www.libertas.hr\/en\/wp-json\/wp\/v2\/media?parent=16223"}],"wp:term":[{"taxonomy":"category","embeddable":true,"href":"https:\/\/www.libertas.hr\/en\/wp-json\/wp\/v2\/categories?post=16223"},{"taxonomy":"post_tag","embeddable":true,"href":"https:\/\/www.libertas.hr\/en\/wp-json\/wp\/v2\/tags?post=16223"}],"curies":[{"name":"wp","href":"https:\/\/api.w.org\/{rel}","templated":true}]}}