{"id":16220,"date":"2019-11-15T11:29:39","date_gmt":"2019-11-15T11:29:39","guid":{"rendered":"https:\/\/www.libertas.hr\/uncategorized-hr\/otvorene-prijave-za-seminar-umijece-pregovaranja\/"},"modified":"2019-11-15T11:29:39","modified_gmt":"2019-11-15T11:29:39","slug":"otvorene-prijave-za-seminar-umijece-pregovaranja","status":"publish","type":"post","link":"https:\/\/www.libertas.hr\/en\/novosti\/otvorene-prijave-za-seminar-umijece-pregovaranja\/","title":{"rendered":"Otvorene prijave za seminar &#8220;Umije\u0107e pregovaranja&#8221;"},"content":{"rendered":"<h4 style=\"text-align: center;\"><span style=\"color: #0000ff;\">Seminar<\/span><\/h4>\n<h4 style=\"text-align: center;\"><span style=\"color: #0000ff;\">Umije\u0107e pregovaranja<\/span><\/h4>\n<p><strong>Sveu\u010dili\u0161te Libertas i Visoka \u0161kola me\u0111unarodnih odnosa i diplomacije Dag Hammarskj\u00f6ld<\/strong>\u00a0organiziraju dvodnevni\u00a0<strong>seminar\u00a0<\/strong><strong>UMIJE\u0106E PREGOVARANJA<\/strong>\u00a0koji \u0107e se usredoto\u010diti i odgovoriti na sljede\u0107a pitanja.<\/p>\n<p>Mogu li se svi sukobi i neugodne situacije rije\u0161iti pregovorima i razgovorom? Kada pregovarati, a kada ne? Kako pregovarati u razli\u010ditim situacijama i s ljudima razli\u010ditog profila, karaktera i interesa? Koje su nam pregovara\u010dke vje\u0161tine potrebne za uspje\u0161no pregovaranje? Imamo li ih priro\u0111ene ili ih mo\u017eemo razviti? Kako ih koristiti? Kako se pregovara u me\u0111unarodnim organizacijama, kako to rade najbolji?<br \/>\nSeminar \u0107e se odr\u017eati\u00a0<strong><u>\u00a013. i 14. prosinac 2019. godine u Sveu\u010dili\u0161tu Libertas Trg J. F. Kennedya 6 b, Zagreb, Konferencijska dvorana<\/u><\/strong><\/p>\n<p><span style=\"color: #000000;\"><strong>PREDAVA\u010c<\/strong><\/span><\/p>\n<ul>\n<li>Jo\u0161ko Klisovi\u0107 je aktivno anga\u017eiran u vanjskoj politici kao profesionalni diplomat i dr\u017eavni du\u017enosnik vi\u0161e od 25 godina. Sudjelovao je u brojnim bilateralnim i multilateralnim pregovorima u ime RH, uklju\u010duju\u0107i Sporazum o normalizaciji odnosa sa SRJ, sporazuma o statusu NATO i UN snaga u Hrvatskoj, bio glavni tajnik Pregovara\u010dke skupine za ulazak RH u EU, pregovarao je Sporazum o EEA, te Vi\u0161egodi\u0161nji prora\u010dunski okvir EU, itd. Predsjedao je mnogim me\u0111udr\u017eavnim bilateralnim povjerenstvima za rje\u0161avanje otvorenih pitanja (npr. sa Srbijom, Slovenijom, Ma\u0111arskom, itd), kao i me\u0111uvladinim povjerenstvima u kojima su pregovara\u010dke vje\u0161tine bile klju\u010dne za uspje\u0161an rade (npr. povjerenstva za internacionalizaciju gospodarstva, za NATO, za sprje\u010davanje terorizma, za izradu Nacionalne sigurnosti RH, itd.). Na stru\u010dnom usavr\u0161avanju na Sveu\u010dili\u0161tu Harvard postigao najbolje rezultate u svojoj generaciji u podru\u010dju pregovora.<\/li>\n<\/ul>\n<p><strong>PRIJAVE<\/strong><\/p>\n<p>Prijave se zaprimaju\u00a0<strong>do 6. prosinca 2019.\u00a0<\/strong>\u00a0elektroni\u010dkim putem na\u00a0<a href=\"mailto:cjelozivotno@libertas.hr\">cjelozivotno@libertas.hr<\/a>, telefonskim putem na<strong>\u00a001 5633 151\u00a0<\/strong>ili putem <a href=\"https:\/\/arhiva.libertas.hr\/studiji-i-programi\/programi-cjelozivotnog-obrazovanja\/seminar-umijece-pregovaranja\/\">prijavnog obrasca.<\/a><\/p>\n<p><strong>KOTIZACIJA<\/strong><\/p>\n<p>Cijena seminara iznosi\u00a0<strong>2.500,00kn<\/strong>\u00a0po polazniku.<\/p>\n<p>Vi\u0161e informacija potra\u017eite <a href=\"https:\/\/arhiva.libertas.hr\/studiji-i-programi\/programi-cjelozivotnog-obrazovanja\/seminar-umijece-pregovaranja\/\">ovdje.<\/a><\/p>\n<p><img fetchpriority=\"high\" decoding=\"async\" class=\"alignleft size-full wp-image-11611\" src=\"https:\/\/www.libertas.hr\/wp-content\/uploads\/2019\/11\/Libertas-seminar-umijece-pregovaranja.jpg\" alt=\"\" width=\"1280\" height=\"840\" \/><\/p>\n<p>&nbsp;<\/p>\n","protected":false},"excerpt":{"rendered":"<p>Seminar Umije\u0107e pregovaranja Sveu\u010dili\u0161te Libertas i Visoka \u0161kola me\u0111unarodnih odnosa i diplomacije Dag Hammarskj\u00f6ld\u00a0organiziraju dvodnevni\u00a0seminar\u00a0UMIJE\u0106E PREGOVARANJA\u00a0koji \u0107e se usredoto\u010diti i odgovoriti na sljede\u0107a pitanja. Mogu li se svi sukobi i neugodne situacije rije\u0161iti pregovorima i razgovorom? Kada pregovarati, a kada ne? Kako pregovarati u razli\u010ditim situacijama i s ljudima razli\u010ditog profila, karaktera i interesa? Koje [&hellip;]<\/p>\n","protected":false},"author":5,"featured_media":16218,"comment_status":"closed","ping_status":"open","sticky":false,"template":"","format":"standard","meta":{"footnotes":""},"categories":[24],"tags":[],"class_list":["post-16220","post","type-post","status-publish","format-standard","has-post-thumbnail","hentry","category-novosti"],"_links":{"self":[{"href":"https:\/\/www.libertas.hr\/en\/wp-json\/wp\/v2\/posts\/16220","targetHints":{"allow":["GET"]}}],"collection":[{"href":"https:\/\/www.libertas.hr\/en\/wp-json\/wp\/v2\/posts"}],"about":[{"href":"https:\/\/www.libertas.hr\/en\/wp-json\/wp\/v2\/types\/post"}],"author":[{"embeddable":true,"href":"https:\/\/www.libertas.hr\/en\/wp-json\/wp\/v2\/users\/5"}],"replies":[{"embeddable":true,"href":"https:\/\/www.libertas.hr\/en\/wp-json\/wp\/v2\/comments?post=16220"}],"version-history":[{"count":0,"href":"https:\/\/www.libertas.hr\/en\/wp-json\/wp\/v2\/posts\/16220\/revisions"}],"wp:featuredmedia":[{"embeddable":true,"href":"https:\/\/www.libertas.hr\/en\/wp-json\/wp\/v2\/media\/16218"}],"wp:attachment":[{"href":"https:\/\/www.libertas.hr\/en\/wp-json\/wp\/v2\/media?parent=16220"}],"wp:term":[{"taxonomy":"category","embeddable":true,"href":"https:\/\/www.libertas.hr\/en\/wp-json\/wp\/v2\/categories?post=16220"},{"taxonomy":"post_tag","embeddable":true,"href":"https:\/\/www.libertas.hr\/en\/wp-json\/wp\/v2\/tags?post=16220"}],"curies":[{"name":"wp","href":"https:\/\/api.w.org\/{rel}","templated":true}]}}