{"id":16217,"date":"2019-11-15T11:25:44","date_gmt":"2019-11-15T11:25:44","guid":{"rendered":"https:\/\/www.libertas.hr\/uncategorized-hr\/otvorene-prijave-za-seminar-politika-u-praksi-od-izbora-do-institucija\/"},"modified":"2019-11-15T11:25:44","modified_gmt":"2019-11-15T11:25:44","slug":"otvorene-prijave-za-seminar-politika-u-praksi-od-izbora-do-institucija","status":"publish","type":"post","link":"https:\/\/www.libertas.hr\/en\/novosti\/otvorene-prijave-za-seminar-politika-u-praksi-od-izbora-do-institucija\/","title":{"rendered":"Otvorene prijave za seminar &#8220;Politika u praksi: od izbora do institucija&#8221;"},"content":{"rendered":"<h4 style=\"text-align: center;\"><span style=\"color: #0000ff;\">Seminar<\/span><\/h4>\n<h4 style=\"text-align: center;\"><span style=\"color: #0000ff;\">Politika u praksi: od izbora do institucija (hrvatska politika i politi\u010dki sustav)<\/span><\/h4>\n<p><strong>Sveu\u010dili\u0161te Libertas<\/strong> i V<strong>isoka \u0161kola me\u0111unarodnih odnosa i diplomacije Dag Hammarskj\u00f6ld<\/strong>\u00a0organiziraju dvodnevni\u00a0seminar\u00a0POLITIKA U PRAKSI: OD IZBORA DO INSTITUCIJA (HRVATSKA POLITIKA I POLITI\u010cKI SUSTAV) za sve koji \u00a0politiku do\u017eivljavaju kao dio svakodnevnog \u017eivota te na\u010din kako svakodnevicu razumjeti i u\u010diniti je boljom. Kako va\u017enost aktivnog sudjelovanja u politi\u010dkim procesima i \u2013 njihovo razumijevanje osobito dolaze do izra\u017eaja uo\u010di i tijekom izbora kao naj\u010de\u0161\u0107eg oblika politi\u010dke participacije gra\u0111ana. Usto, znanja i vje\u0161tine vezani uz politiku neophodni su za sve \u010diji su profesionalni anga\u017emani povezani s djelovanjem politi\u010dkih institucija.<\/p>\n<p>Seminar \u0107e se odr\u017eati\u00a0<u>\u00a06. i 7. prosinaca 2019. godine u Sveu\u010dili\u0161tu Libertas Trg J. F. Kennedya 6 b, Zagreb, Konferencijska dvorana<\/u><\/p>\n<p><strong>PRIJAVE<\/strong><\/p>\n<p>Prijave se zaprimaju do 2. prosinca 2019. elektroni\u010dkim putem na <a href=\"mailto:cjelozivotno@libertas.hr\">cjelozivotno@libertas.hr<\/a>, telefonskim putem na<strong> 01 5633 151<\/strong>; <strong>098 681 988<\/strong> ili putem<a href=\"https:\/\/arhiva.libertas.hr\/studiji-i-programi\/programi-cjelozivotnog-obrazovanja\/seminar-politika-u-praksi-od-izbora-do-institucija\/\"><strong> prijavnog obrasca.<\/strong><\/a><\/p>\n<p><strong>KOTIZACIJA<\/strong><\/p>\n<p>Cijena seminara iznosi <strong>2.500,00 kn<\/strong> po polazniku.<\/p>\n<p>Vi\u0161e informacija potra\u017eite <a href=\"https:\/\/arhiva.libertas.hr\/studiji-i-programi\/programi-cjelozivotnog-obrazovanja\/seminar-politika-u-praksi-od-izbora-do-institucija\/\">ovdje.<\/a><\/p>\n<p><img fetchpriority=\"high\" decoding=\"async\" class=\"alignleft size-full wp-image-11637\" src=\"https:\/\/www.libertas.hr\/wp-content\/uploads\/2025\/05\/Izbori.jpeg\" alt=\"\" width=\"1050\" height=\"700\" \/><\/p>\n","protected":false},"excerpt":{"rendered":"<p>Seminar Politika u praksi: od izbora do institucija (hrvatska politika i politi\u010dki sustav) Sveu\u010dili\u0161te Libertas i Visoka \u0161kola me\u0111unarodnih odnosa i diplomacije Dag Hammarskj\u00f6ld\u00a0organiziraju dvodnevni\u00a0seminar\u00a0POLITIKA U PRAKSI: OD IZBORA DO INSTITUCIJA (HRVATSKA POLITIKA I POLITI\u010cKI SUSTAV) za sve koji \u00a0politiku do\u017eivljavaju kao dio svakodnevnog \u017eivota te na\u010din kako svakodnevicu razumjeti i u\u010diniti je boljom. Kako [&hellip;]<\/p>\n","protected":false},"author":5,"featured_media":12853,"comment_status":"closed","ping_status":"open","sticky":false,"template":"","format":"standard","meta":{"footnotes":""},"categories":[24],"tags":[],"class_list":["post-16217","post","type-post","status-publish","format-standard","has-post-thumbnail","hentry","category-novosti"],"_links":{"self":[{"href":"https:\/\/www.libertas.hr\/en\/wp-json\/wp\/v2\/posts\/16217","targetHints":{"allow":["GET"]}}],"collection":[{"href":"https:\/\/www.libertas.hr\/en\/wp-json\/wp\/v2\/posts"}],"about":[{"href":"https:\/\/www.libertas.hr\/en\/wp-json\/wp\/v2\/types\/post"}],"author":[{"embeddable":true,"href":"https:\/\/www.libertas.hr\/en\/wp-json\/wp\/v2\/users\/5"}],"replies":[{"embeddable":true,"href":"https:\/\/www.libertas.hr\/en\/wp-json\/wp\/v2\/comments?post=16217"}],"version-history":[{"count":0,"href":"https:\/\/www.libertas.hr\/en\/wp-json\/wp\/v2\/posts\/16217\/revisions"}],"wp:featuredmedia":[{"embeddable":true,"href":"https:\/\/www.libertas.hr\/en\/wp-json\/wp\/v2\/media\/12853"}],"wp:attachment":[{"href":"https:\/\/www.libertas.hr\/en\/wp-json\/wp\/v2\/media?parent=16217"}],"wp:term":[{"taxonomy":"category","embeddable":true,"href":"https:\/\/www.libertas.hr\/en\/wp-json\/wp\/v2\/categories?post=16217"},{"taxonomy":"post_tag","embeddable":true,"href":"https:\/\/www.libertas.hr\/en\/wp-json\/wp\/v2\/tags?post=16217"}],"curies":[{"name":"wp","href":"https:\/\/api.w.org\/{rel}","templated":true}]}}