{"id":16136,"date":"2019-10-28T10:53:32","date_gmt":"2019-10-28T10:53:32","guid":{"rendered":"https:\/\/www.libertas.hr\/uncategorized-hr\/odrzana-konferencija-povodom-50-godina-dr-sc-ane-stavljenic-rukavina-prof-emeritus\/"},"modified":"2019-10-28T10:53:32","modified_gmt":"2019-10-28T10:53:32","slug":"odrzana-konferencija-povodom-50-godina-dr-sc-ane-stavljenic-rukavina-prof-emeritus","status":"publish","type":"post","link":"https:\/\/www.libertas.hr\/en\/dogadanja\/odrzana-konferencija-povodom-50-godina-dr-sc-ane-stavljenic-rukavina-prof-emeritus\/","title":{"rendered":"Odr\u017eana konferencija povodom 50 godina rada dr. sc. Ane Stavljeni\u0107 Rukavine, prof. emeritus"},"content":{"rendered":"<p>Povodom 50 godina profesionalnog, znanstvenog i dru\u0161tvenog rada dr. sc. Ane Stavljeni\u0107 Rukavina, prof.emeritus na Sveu\u010dili\u0161tu Libertas odr\u017eana je znanstvena konferencija na temu &#8220;Od razvoja modela obrazovanja do kurikularne reforme &#8211; suvremene teme&#8221;. Sve prisutne pozdravili su rektor prof. dr. sc. Du\u0161ko Pavlovi\u0107 i prof. dr. sc. Stipe Ore\u0161kovi\u0107 u ime \u0160NZ \u201edr. Andrija \u0160tampar\u201c Medicinskog fakulteta Sveu\u010dili\u0161ta u Zagrebu.<\/p>\n<p>Suvremene medicinske teme u fokusu naobrazbe i razmjene iskustava bile su predmeti izlaganja stru\u010dnjaka na konferenciji. Zavr\u0161nu rije\u010d imala je dr. sc. Ana Stavljeni\u0107 Rukavina, prof. emeritus. koja je naglasila kako napreci u medicini zahtijevaju cjelo\u017eivotno usavr\u0161avanje kako bi se pratile suvremene inovacije i novi pristupi. Zahvaliv\u0161i na konferenciji posve\u0107enoj njezinom radu dodala je kako \u0107e i ubudu\u0107e ustrajati na trajnom doprinosu razvoju i unaprje\u0111enju medicine. Osobno je, prof. Stavljeni\u0107 Rukavina \u010destitao i gradona\u010delnik grada Zagreba gospodin Milan Bandi\u0107.<\/p>\n<div id='gallery-1' class='gallery galleryid-16136 gallery-columns-4 gallery-size-thumbnail'><figure class='gallery-item'>\n\t\t\t<div class='gallery-icon landscape'>\n\t\t\t\t<a href='https:\/\/www.libertas.hr\/en\/jutarnje_navike_studenti-2\/'><img decoding=\"async\" width=\"150\" height=\"150\" src=\"https:\/\/www.libertas.hr\/wp-content\/uploads\/2023\/04\/jutarnje_navike_studenti-150x150.png\" class=\"attachment-thumbnail size-thumbnail\" alt=\"\" \/><\/a>\n\t\t\t<\/div><\/figure><figure class='gallery-item'>\n\t\t\t<div class='gallery-icon landscape'>\n\t\t\t\t<a href='https:\/\/www.libertas.hr\/en\/jutarnje_navike_studenti_3-2\/'><img decoding=\"async\" width=\"150\" height=\"150\" src=\"https:\/\/www.libertas.hr\/wp-content\/uploads\/2023\/04\/jutarnje_navike_studenti_3-150x150.jpeg\" class=\"attachment-thumbnail size-thumbnail\" alt=\"\" \/><\/a>\n\t\t\t<\/div><\/figure><figure class='gallery-item'>\n\t\t\t<div class='gallery-icon landscape'>\n\t\t\t\t<a href='https:\/\/www.libertas.hr\/en\/jutarnje_navike_studenti_2-2\/'><img decoding=\"async\" width=\"150\" height=\"150\" src=\"https:\/\/www.libertas.hr\/wp-content\/uploads\/2023\/04\/jutarnje_navike_studenti_2-150x150.png\" class=\"attachment-thumbnail size-thumbnail\" alt=\"\" \/><\/a>\n\t\t\t<\/div><\/figure><figure class='gallery-item'>\n\t\t\t<div class='gallery-icon landscape'>\n\t\t\t\t<a href='https:\/\/www.libertas.hr\/en\/zdrilski_kuk-2\/'><img loading=\"lazy\" decoding=\"async\" width=\"150\" height=\"150\" src=\"https:\/\/www.libertas.hr\/wp-content\/uploads\/2023\/04\/Zdrilski_kuk-150x150.png\" class=\"attachment-thumbnail size-thumbnail\" alt=\"\" \/><\/a>\n\t\t\t<\/div><\/figure><figure class='gallery-item'>\n\t\t\t<div class='gallery-icon landscape'>\n\t\t\t\t<a href='https:\/\/www.libertas.hr\/en\/naucite_pregovarati_sveuciliste_libertas_cjelozivotno_obrazovanje_2-1-1024x538-2\/'><img loading=\"lazy\" decoding=\"async\" width=\"150\" height=\"150\" src=\"https:\/\/www.libertas.hr\/wp-content\/uploads\/2023\/04\/naucite_pregovarati_sveuciliste_libertas_cjelozivotno_obrazovanje_2-1-1024x538-1-150x150.jpeg\" class=\"attachment-thumbnail size-thumbnail\" alt=\"\" \/><\/a>\n\t\t\t<\/div><\/figure><figure class='gallery-item'>\n\t\t\t<div class='gallery-icon landscape'>\n\t\t\t\t<a href='https:\/\/www.libertas.hr\/en\/naucite_pregovarati_sveuciliste_libertas_cjelozivotno_obrazovanje_1-1024x538-2\/'><img loading=\"lazy\" decoding=\"async\" width=\"150\" height=\"150\" src=\"https:\/\/www.libertas.hr\/wp-content\/uploads\/2023\/04\/naucite_pregovarati_sveuciliste_libertas_cjelozivotno_obrazovanje_1-1024x538-1-150x150.jpeg\" class=\"attachment-thumbnail size-thumbnail\" alt=\"\" \/><\/a>\n\t\t\t<\/div><\/figure><figure class='gallery-item'>\n\t\t\t<div class='gallery-icon landscape'>\n\t\t\t\t<a href='https:\/\/www.libertas.hr\/en\/naucite_pregovarati_sveuciliste_libertas_cjelozivotno_obrazovanje_3-1024x538-2\/'><img loading=\"lazy\" decoding=\"async\" width=\"150\" height=\"150\" src=\"https:\/\/www.libertas.hr\/wp-content\/uploads\/2023\/04\/naucite_pregovarati_sveuciliste_libertas_cjelozivotno_obrazovanje_3-1024x538-1-150x150.jpeg\" class=\"attachment-thumbnail size-thumbnail\" alt=\"\" \/><\/a>\n\t\t\t<\/div><\/figure>\n\t\t<\/div>\n\n","protected":false},"excerpt":{"rendered":"<p>Povodom 50 godina profesionalnog, znanstvenog i dru\u0161tvenog rada dr. sc. Ane Stavljeni\u0107 Rukavina, prof.emeritus na Sveu\u010dili\u0161tu Libertas odr\u017eana je znanstvena konferencija na temu &#8220;Od razvoja modela obrazovanja do kurikularne reforme &#8211; suvremene teme&#8221;. Sve prisutne pozdravili su rektor prof. dr. sc. Du\u0161ko Pavlovi\u0107 i prof. dr. sc. Stipe Ore\u0161kovi\u0107 u ime \u0160NZ \u201edr. Andrija \u0160tampar\u201c [&hellip;]<\/p>\n","protected":false},"author":5,"featured_media":16137,"comment_status":"closed","ping_status":"open","sticky":false,"template":"","format":"standard","meta":{"footnotes":""},"categories":[23,24],"tags":[],"class_list":["post-16136","post","type-post","status-publish","format-standard","has-post-thumbnail","hentry","category-dogadanja","category-novosti"],"_links":{"self":[{"href":"https:\/\/www.libertas.hr\/en\/wp-json\/wp\/v2\/posts\/16136","targetHints":{"allow":["GET"]}}],"collection":[{"href":"https:\/\/www.libertas.hr\/en\/wp-json\/wp\/v2\/posts"}],"about":[{"href":"https:\/\/www.libertas.hr\/en\/wp-json\/wp\/v2\/types\/post"}],"author":[{"embeddable":true,"href":"https:\/\/www.libertas.hr\/en\/wp-json\/wp\/v2\/users\/5"}],"replies":[{"embeddable":true,"href":"https:\/\/www.libertas.hr\/en\/wp-json\/wp\/v2\/comments?post=16136"}],"version-history":[{"count":0,"href":"https:\/\/www.libertas.hr\/en\/wp-json\/wp\/v2\/posts\/16136\/revisions"}],"wp:featuredmedia":[{"embeddable":true,"href":"https:\/\/www.libertas.hr\/en\/wp-json\/wp\/v2\/media\/16137"}],"wp:attachment":[{"href":"https:\/\/www.libertas.hr\/en\/wp-json\/wp\/v2\/media?parent=16136"}],"wp:term":[{"taxonomy":"category","embeddable":true,"href":"https:\/\/www.libertas.hr\/en\/wp-json\/wp\/v2\/categories?post=16136"},{"taxonomy":"post_tag","embeddable":true,"href":"https:\/\/www.libertas.hr\/en\/wp-json\/wp\/v2\/tags?post=16136"}],"curies":[{"name":"wp","href":"https:\/\/api.w.org\/{rel}","templated":true}]}}