{"id":16133,"date":"2019-10-25T12:31:12","date_gmt":"2019-10-25T12:31:12","guid":{"rendered":"https:\/\/www.libertas.hr\/uncategorized-hr\/zasto-je-jesen-najbolja-za-postavljanje-ciljeva\/"},"modified":"2019-10-25T12:31:12","modified_gmt":"2019-10-25T12:31:12","slug":"zasto-je-jesen-najbolja-za-postavljanje-ciljeva","status":"publish","type":"post","link":"https:\/\/www.libertas.hr\/en\/savjeti-i-vodici\/zasto-je-jesen-najbolja-za-postavljanje-ciljeva\/","title":{"rendered":"Za\u0161to je jesen najbolja za postavljanje ciljeva"},"content":{"rendered":"<p>Svakog tjedna ista pri\u010da \u2013 od ponedjeljka kre\u0107em s u\u010denjem. Svake nove godine ista odluka \u2013 1.1. \u0107u sve druk\u010dije. Ista ili sli\u010dna pri\u010da ponavlja se unedogled, a obe\u0107anja koja sebi postavljamo kr\u0161imo bez problema jer smo ionako znali da ih ne\u0107emo odr\u017eati. Kome to treba? E pa ove godine \u0107emo stvarno promijeniti taktiku, pa s velikim odlukama kre\u0107emo od jeseni, a evo i za\u0161to.<\/p>\n<h4><span style=\"color: #0000ff;\"><strong>80% novogodi\u0161njih odluka propadne u startu<\/strong><\/span><\/h4>\n<p>Samo zato \u0161to je po\u010detak nove godine, ne zna\u010di da je uskla\u0111en s tvojim ritmom \u017eivota. Ako si student, tvoja nova akademska godine po\u010dinje upravo u jesensko vrijeme. Nakon odra\u0111enih rokova u prvom dijelu godine i ljetnog odmora, tvoje baterije dovoljno su napunjene da ima\u0161 snage uhvatiti se u ko\u0161tac s novim izazovima. Ljeto je bilo dovoljno dugo da se opusti\u0161, a opet dovoljno kratko da ne zaboravi\u0161 \u0161to si radio neposredno prije njega. I\u0161\u010dekuju\u0107i odmor \u010desto ne obra\u0107amo dovoljno pozornosti na ono \u0161to radimo, pa se posljedice nesmotrenosti uo\u010de tek kada bude kasno. Recimo onaj tjedan slobodan od predavanja i obveza koji si trebao iskoristiti za u\u010denje, a potro\u0161io si ga na izlaske i igrice jer ti se ljeto \u010dinilo predaleko. Sve je do\u0161lo na naplatu kada si pao ispit koji je produ\u017eio \u010dekanje ljeta na jo\u0161 koji tjedan, u nadi da \u0107e drugi rok biti sretniji kada ipak zagrije\u0161 stolicu. Umjesto da kri\u017ea\u0161 dane u o\u010dekivanju ne\u010dega, probaj \u017eivjeti svaki od njih ispunjavaju\u0107i zadatke koji \u0107e te s vremenom dovesti do ve\u0107eg cilja. Jednom kada ostvari\u0161 svoj prvi veliki plan bit \u0107e ti jasno kako taj dobar osje\u0107aj mo\u017ee\u0161 ponoviti, i to s novim planom u pripremi. Kada je jesen u pitanju, smetnja nadolaze\u0107eg odmora ne postoji, pa je lak\u0161e posvetiti se zacrtanim ciljevima.<\/p>\n<p><img fetchpriority=\"high\" decoding=\"async\" class=\"alignleft size-full wp-image-11464\" src=\"https:\/\/www.libertas.hr\/wp-content\/uploads\/2019\/10\/sveuciliste_libertas_postavljanje_ciljeva_1.jpeg\" alt=\"\" width=\"1050\" height=\"700\" \/><\/p>\n<h4><span style=\"color: #0000ff;\"><strong>Jesenska inventura \u2013 idealan temelj za nove planove<\/strong><\/span><\/h4>\n<p>Tijekom jeseni i zime dani su kra\u0107i i hladniji nego u ostalim godi\u0161njim dobima, zbog \u010dega vi\u0161e vremena provodimo u zatvorenim prostorima. Zamisli da je upravo ovo vrijeme za ulaganje u budu\u0107nost \u2013 ako do prolje\u0107a ostvari\u0161 sve \u0161to \u017eeli\u0161, slobodan si iskoristiti du\u017ee dane i toplije no\u0107i za zabavu i opu\u0161tanje. Svakom studentu je jasno da je neoptere\u0107eno ljeto bez ispita neprocjenjivo, vi\u0161estruko bolje od onoga u kojem se svakodnevno brine\u0161 o ispitima koji ti vise nad glavom. Jednom kada do\u0111e jesen odradili smo ve\u0107inu godine i mo\u017eemo realno sagledati sve prednosti i nedostatke svojih dosada\u0161njih odluka. Dobra vijest je da jo\u0161 uvijek imamo dva ili tri mjeseca da ispravimo mogu\u0107e gre\u0161ke prije psiholo\u0161kog faktora nove godine. Isto tako, dok drugi u sije\u010dnju tek kre\u0107u s izvr\u0161avanjima svojih ciljeva, ti \u0107e\u0161 ve\u0107 imati nekoliko mjeseci prednosti i iskustva pred njima. Ba\u0161 kao i u trgovini, napravi inventuru svojih \u017eelja, osje\u0107aja, obveza i du\u017enosti \u2013 izdvoji sve \u0161to je va\u017eno, odbaci neva\u017eno i usredoto\u010di se na put koji te \u010deka. Dok priprema\u0161 plan vezan za ispite i svoj akademski napredak zapamti: obrazovanje nije cilj \u017eivota kojeg treba dose\u0107i i zaboraviti, ve\u0107 na\u010din i sredstvo koje treba stalno iznova usavr\u0161avati i u\u017eivati u spoznaji da ga svakodnevno \u0161irimo.<\/p>\n<p><img decoding=\"async\" class=\"alignleft size-full wp-image-11466\" src=\"https:\/\/www.libertas.hr\/wp-content\/uploads\/2019\/10\/sveuciliste_libertas_postavljanje_ciljev2.jpg\" alt=\"\" width=\"1055\" height=\"699\" \/><\/p>\n<h4><span style=\"color: #0000ff;\"><strong>Sre\u0107a prati hrabre, ali dobar plan ne treba mnogo sre\u0107e<\/strong><\/span><\/h4>\n<p>Neki \u0107e se sad zapitati za\u0161to im plan uop\u0107e treba kad ionako sve mogu improvizirati pa kako bude. To je skroz u redu, ako te uop\u0107e nije briga \u0161to \u0107e biti i ho\u0107e\u0161 li mo\u0107i ne\u0161to poduzeti u slu\u010daju da ti se to \u201ene\u0161to\u201c nepredvi\u0111eno ne svi\u0111a. Postavljanjem planova ima\u0161 vi\u0161e utjecaja na to u kojem smjeru \u017eeli\u0161 da se stvari odvijaju, a ako i skrene\u0161 sa zacrtanog puta uvijek se mo\u017ee\u0161 podsjetiti gdje ide\u0161 i gdje bi trebao biti u odre\u0111enom trenutku kako bi tvoj cilj bio postignut. Mo\u017eda zvu\u010di kao previ\u0161e filozofije, ali stvar je u biti vrlo jednostavna \u2013 ako nema\u0161 vlastiti plan, netko drugi \u0107e te ukalupiti u svoje planove, \u0161to ti se mo\u017eda ne\u0107e svidjeti, ali ne\u0107e\u0161 imati drugog izbora. A ti \u017eeli\u0161 sam upravljati svojim \u017eivotom, zar ne? Osim u raspodjeli vremena, planiranje ti poma\u017ee i pri raspodjeli financijskih sredstava. Nova akademska godina sigurno \u0107e donijeti i planirane i neplanirane tro\u0161kove, a pripremi\u0161 li se dobro za svaku situaciju, izbje\u0107i \u0107e\u0161 nepotrebno \u017eivciranje. Poka\u017eu li se planirani tro\u0161kovi manjima, a u\u0161teda ve\u0107om, uvijek se mo\u017ee\u0161 razveseliti nekom sitnicom ili putovanjem i tako nagraditi planera u sebi.<\/p>\n<p>&nbsp;<\/p>\n","protected":false},"excerpt":{"rendered":"<p>Svakog tjedna ista pri\u010da \u2013 od ponedjeljka kre\u0107em s u\u010denjem. Svake nove godine ista odluka \u2013 1.1. \u0107u sve druk\u010dije. Ista ili sli\u010dna pri\u010da ponavlja se unedogled, a obe\u0107anja koja sebi postavljamo kr\u0161imo bez problema jer smo ionako znali da ih ne\u0107emo odr\u017eati. Kome to treba? E pa ove godine \u0107emo stvarno promijeniti taktiku, pa [&hellip;]<\/p>\n","protected":false},"author":5,"featured_media":16134,"comment_status":"closed","ping_status":"open","sticky":false,"template":"","format":"standard","meta":{"footnotes":""},"categories":[25],"tags":[],"class_list":["post-16133","post","type-post","status-publish","format-standard","has-post-thumbnail","hentry","category-savjeti-i-vodici"],"_links":{"self":[{"href":"https:\/\/www.libertas.hr\/en\/wp-json\/wp\/v2\/posts\/16133","targetHints":{"allow":["GET"]}}],"collection":[{"href":"https:\/\/www.libertas.hr\/en\/wp-json\/wp\/v2\/posts"}],"about":[{"href":"https:\/\/www.libertas.hr\/en\/wp-json\/wp\/v2\/types\/post"}],"author":[{"embeddable":true,"href":"https:\/\/www.libertas.hr\/en\/wp-json\/wp\/v2\/users\/5"}],"replies":[{"embeddable":true,"href":"https:\/\/www.libertas.hr\/en\/wp-json\/wp\/v2\/comments?post=16133"}],"version-history":[{"count":0,"href":"https:\/\/www.libertas.hr\/en\/wp-json\/wp\/v2\/posts\/16133\/revisions"}],"wp:featuredmedia":[{"embeddable":true,"href":"https:\/\/www.libertas.hr\/en\/wp-json\/wp\/v2\/media\/16134"}],"wp:attachment":[{"href":"https:\/\/www.libertas.hr\/en\/wp-json\/wp\/v2\/media?parent=16133"}],"wp:term":[{"taxonomy":"category","embeddable":true,"href":"https:\/\/www.libertas.hr\/en\/wp-json\/wp\/v2\/categories?post=16133"},{"taxonomy":"post_tag","embeddable":true,"href":"https:\/\/www.libertas.hr\/en\/wp-json\/wp\/v2\/tags?post=16133"}],"curies":[{"name":"wp","href":"https:\/\/api.w.org\/{rel}","templated":true}]}}