{"id":16124,"date":"2019-10-24T08:28:45","date_gmt":"2019-10-24T08:28:45","guid":{"rendered":"https:\/\/www.libertas.hr\/uncategorized-hr\/odrzan-sastanak-s-roditeljima-studenata-prve-godine\/"},"modified":"2019-10-24T08:28:45","modified_gmt":"2019-10-24T08:28:45","slug":"odrzan-sastanak-s-roditeljima-studenata-prve-godine","status":"publish","type":"post","link":"https:\/\/www.libertas.hr\/en\/novosti\/odrzan-sastanak-s-roditeljima-studenata-prve-godine\/","title":{"rendered":"Odr\u017ean sastanak s roditeljima studenata prve godine"},"content":{"rendered":"<p>Ju\u010der je u konferencijskoj dvorani Sveu\u010dili\u0161ta Libertas odr\u017ean sastanak s roditeljima redovnih studenata prve godine stru\u010dnih i sveu\u010dili\u0161nih studija Sveu\u010dili\u0161ta Libertas. Rektor prof. dr. sc. Du\u0161ko Pavlovi\u0107 obratio se prisutnima te ih upoznao s mogu\u0107nostima koje studenticama i studentima nudi Sveu\u010dili\u0161te Libertas, kako u vezi s nastavnim programima, tako i u vezi izvannastavnih aktivnosti.<\/p>\n<p>Na sastanku roditelji su imali priliku upoznati i dio profesora koji \u0107e bruco\u0161ima predavati na prvoj i vi\u0161im godinama studija.<\/p>\n<div id='gallery-1' class='gallery galleryid-16124 gallery-columns-2 gallery-size-medium'><figure class='gallery-item'>\n\t\t\t<div class='gallery-icon portrait'>\n\t\t\t\t<a href='https:\/\/www.libertas.hr\/en\/barcelona-erasmus4-rotated-2\/'><img fetchpriority=\"high\" decoding=\"async\" width=\"225\" height=\"300\" src=\"https:\/\/www.libertas.hr\/wp-content\/uploads\/2023\/03\/Barcelona-Erasmus4-rotated-1-225x300.jpg\" class=\"attachment-medium size-medium\" alt=\"\" srcset=\"https:\/\/www.libertas.hr\/wp-content\/uploads\/2023\/03\/Barcelona-Erasmus4-rotated-1-225x300.jpg 225w, https:\/\/www.libertas.hr\/wp-content\/uploads\/2023\/03\/Barcelona-Erasmus4-rotated-1-768x1025.jpg 768w, https:\/\/www.libertas.hr\/wp-content\/uploads\/2023\/03\/Barcelona-Erasmus4-rotated-1.jpg 1000w\" sizes=\"(max-width: 225px) 100vw, 225px\" \/><\/a>\n\t\t\t<\/div><\/figure><figure class='gallery-item'>\n\t\t\t<div class='gallery-icon portrait'>\n\t\t\t\t<a href='https:\/\/www.libertas.hr\/en\/barcelona-erasmus2-rotated-2\/'><img decoding=\"async\" width=\"225\" height=\"300\" src=\"https:\/\/www.libertas.hr\/wp-content\/uploads\/2023\/03\/Barcelona-Erasmus2-rotated-1-225x300.jpg\" class=\"attachment-medium size-medium\" alt=\"\" srcset=\"https:\/\/www.libertas.hr\/wp-content\/uploads\/2023\/03\/Barcelona-Erasmus2-rotated-1-225x300.jpg 225w, https:\/\/www.libertas.hr\/wp-content\/uploads\/2023\/03\/Barcelona-Erasmus2-rotated-1-768x1024.jpg 768w, https:\/\/www.libertas.hr\/wp-content\/uploads\/2023\/03\/Barcelona-Erasmus2-rotated-1.jpg 1141w\" sizes=\"(max-width: 225px) 100vw, 225px\" \/><\/a>\n\t\t\t<\/div><\/figure>\n\t\t<\/div>\n\n","protected":false},"excerpt":{"rendered":"<p>Ju\u010der je u konferencijskoj dvorani Sveu\u010dili\u0161ta Libertas odr\u017ean sastanak s roditeljima redovnih studenata prve godine stru\u010dnih i sveu\u010dili\u0161nih studija Sveu\u010dili\u0161ta Libertas. Rektor prof. dr. sc. Du\u0161ko Pavlovi\u0107 obratio se prisutnima te ih upoznao s mogu\u0107nostima koje studenticama i studentima nudi Sveu\u010dili\u0161te Libertas, kako u vezi s nastavnim programima, tako i u vezi izvannastavnih aktivnosti. Na [&hellip;]<\/p>\n","protected":false},"author":5,"featured_media":16125,"comment_status":"closed","ping_status":"open","sticky":false,"template":"","format":"standard","meta":{"footnotes":""},"categories":[24],"tags":[],"class_list":["post-16124","post","type-post","status-publish","format-standard","has-post-thumbnail","hentry","category-novosti"],"_links":{"self":[{"href":"https:\/\/www.libertas.hr\/en\/wp-json\/wp\/v2\/posts\/16124","targetHints":{"allow":["GET"]}}],"collection":[{"href":"https:\/\/www.libertas.hr\/en\/wp-json\/wp\/v2\/posts"}],"about":[{"href":"https:\/\/www.libertas.hr\/en\/wp-json\/wp\/v2\/types\/post"}],"author":[{"embeddable":true,"href":"https:\/\/www.libertas.hr\/en\/wp-json\/wp\/v2\/users\/5"}],"replies":[{"embeddable":true,"href":"https:\/\/www.libertas.hr\/en\/wp-json\/wp\/v2\/comments?post=16124"}],"version-history":[{"count":0,"href":"https:\/\/www.libertas.hr\/en\/wp-json\/wp\/v2\/posts\/16124\/revisions"}],"wp:featuredmedia":[{"embeddable":true,"href":"https:\/\/www.libertas.hr\/en\/wp-json\/wp\/v2\/media\/16125"}],"wp:attachment":[{"href":"https:\/\/www.libertas.hr\/en\/wp-json\/wp\/v2\/media?parent=16124"}],"wp:term":[{"taxonomy":"category","embeddable":true,"href":"https:\/\/www.libertas.hr\/en\/wp-json\/wp\/v2\/categories?post=16124"},{"taxonomy":"post_tag","embeddable":true,"href":"https:\/\/www.libertas.hr\/en\/wp-json\/wp\/v2\/tags?post=16124"}],"curies":[{"name":"wp","href":"https:\/\/api.w.org\/{rel}","templated":true}]}}