{"id":16088,"date":"2019-10-17T13:41:42","date_gmt":"2019-10-17T13:41:42","guid":{"rendered":"https:\/\/www.libertas.hr\/uncategorized-hr\/odrzano-predavanje-veleposlanika-talijanske-republike\/"},"modified":"2019-10-17T13:41:42","modified_gmt":"2019-10-17T13:41:42","slug":"odrzano-predavanje-veleposlanika-talijanske-republike","status":"publish","type":"post","link":"https:\/\/www.libertas.hr\/en\/novosti\/odrzano-predavanje-veleposlanika-talijanske-republike\/","title":{"rendered":"Odr\u017eano predavanje veleposlanika Talijanske Republike"},"content":{"rendered":"<p>Danas je veleposlanik Talijanske Republike, NJ.E. g. Adriano Chiodi Cianfarani posjetio Sveu\u010dili\u0161te Libertas. U sklopu diplomatskih radionica, za studente me\u0111unarodnih odnosa i diplomacije odr\u017eao gostuju\u0107e predavanje na temu <em>\u201c1992-2019: 27 years of Croatia-Italy relations\u201d.\u00a0<\/em>U svom predavanju, NJ.E. g. Adriano Chiodi Cianfarani osvrnuo se na sva doga\u0111anja i bilateralnu suradnju izme\u0111u Talijanske republike i Republike Hrvatske u periodu od Domovinskog rata do sada. Osim odr\u017eanog predavanja za studente, Nj.E. g. Adriano Chiodi Cianfarani posjetio je i rektora Sveu\u010dili\u0161ta prof. dr. sc. Du\u0161ka Pavlovi\u0107a.<\/p>\n<div id='gallery-1' class='gallery galleryid-16088 gallery-columns-2 gallery-size-thumbnail'><figure class='gallery-item'>\n\t\t\t<div class='gallery-icon landscape'>\n\t\t\t\t<a href='https:\/\/www.libertas.hr\/en\/obranabilic2-scaled-2\/'><img decoding=\"async\" width=\"150\" height=\"150\" src=\"https:\/\/www.libertas.hr\/wp-content\/uploads\/2023\/03\/obranaBilic2-scaled-1-150x150.jpeg\" class=\"attachment-thumbnail size-thumbnail\" alt=\"\" \/><\/a>\n\t\t\t<\/div><\/figure><figure class='gallery-item'>\n\t\t\t<div class='gallery-icon landscape'>\n\t\t\t\t<a href='https:\/\/www.libertas.hr\/en\/obranabilic-1024x683-2\/'><img decoding=\"async\" width=\"150\" height=\"150\" src=\"https:\/\/www.libertas.hr\/wp-content\/uploads\/2023\/03\/obranaBilic-1024x683-1-150x150.jpg\" class=\"attachment-thumbnail size-thumbnail\" alt=\"\" \/><\/a>\n\t\t\t<\/div><\/figure>\n\t\t<\/div>\n\n","protected":false},"excerpt":{"rendered":"<p>Danas je veleposlanik Talijanske Republike, NJ.E. g. Adriano Chiodi Cianfarani posjetio Sveu\u010dili\u0161te Libertas. U sklopu diplomatskih radionica, za studente me\u0111unarodnih odnosa i diplomacije odr\u017eao gostuju\u0107e predavanje na temu \u201c1992-2019: 27 years of Croatia-Italy relations\u201d.\u00a0U svom predavanju, NJ.E. g. Adriano Chiodi Cianfarani osvrnuo se na sva doga\u0111anja i bilateralnu suradnju izme\u0111u Talijanske republike i Republike Hrvatske [&hellip;]<\/p>\n","protected":false},"author":5,"featured_media":16089,"comment_status":"closed","ping_status":"open","sticky":false,"template":"","format":"standard","meta":{"footnotes":""},"categories":[24],"tags":[],"class_list":["post-16088","post","type-post","status-publish","format-standard","has-post-thumbnail","hentry","category-novosti"],"_links":{"self":[{"href":"https:\/\/www.libertas.hr\/en\/wp-json\/wp\/v2\/posts\/16088","targetHints":{"allow":["GET"]}}],"collection":[{"href":"https:\/\/www.libertas.hr\/en\/wp-json\/wp\/v2\/posts"}],"about":[{"href":"https:\/\/www.libertas.hr\/en\/wp-json\/wp\/v2\/types\/post"}],"author":[{"embeddable":true,"href":"https:\/\/www.libertas.hr\/en\/wp-json\/wp\/v2\/users\/5"}],"replies":[{"embeddable":true,"href":"https:\/\/www.libertas.hr\/en\/wp-json\/wp\/v2\/comments?post=16088"}],"version-history":[{"count":0,"href":"https:\/\/www.libertas.hr\/en\/wp-json\/wp\/v2\/posts\/16088\/revisions"}],"wp:featuredmedia":[{"embeddable":true,"href":"https:\/\/www.libertas.hr\/en\/wp-json\/wp\/v2\/media\/16089"}],"wp:attachment":[{"href":"https:\/\/www.libertas.hr\/en\/wp-json\/wp\/v2\/media?parent=16088"}],"wp:term":[{"taxonomy":"category","embeddable":true,"href":"https:\/\/www.libertas.hr\/en\/wp-json\/wp\/v2\/categories?post=16088"},{"taxonomy":"post_tag","embeddable":true,"href":"https:\/\/www.libertas.hr\/en\/wp-json\/wp\/v2\/tags?post=16088"}],"curies":[{"name":"wp","href":"https:\/\/api.w.org\/{rel}","templated":true}]}}