{"id":16083,"date":"2019-10-16T06:55:45","date_gmt":"2019-10-16T06:55:45","guid":{"rendered":"https:\/\/www.libertas.hr\/uncategorized-hr\/sveuciliste-libertas-sklopilo-sporazum-o-suradnji-s-hrvatskim-paraolimpijskim-odborom\/"},"modified":"2019-10-16T06:55:45","modified_gmt":"2019-10-16T06:55:45","slug":"sveuciliste-libertas-sklopilo-sporazum-o-suradnji-s-hrvatskim-paraolimpijskim-odborom","status":"publish","type":"post","link":"https:\/\/www.libertas.hr\/en\/novosti\/sveuciliste-libertas-sklopilo-sporazum-o-suradnji-s-hrvatskim-paraolimpijskim-odborom\/","title":{"rendered":"Sveu\u010dili\u0161te Libertas sklopilo sporazum o suradnji s Hrvatskim paraolimpijskim odborom"},"content":{"rendered":"<p>Danas su <strong>predsjednik Hrvatskog paraolimpijskog odbora Ratko Kova\u010di\u0107<\/strong> i<strong> rektor<\/strong> Libertas me\u0111unarodnog sveu\u010dili\u0161ta <strong>prof. dr. sc. Du\u0161ko Pavlovi\u0107<\/strong> potpisali sporazum o suradnji. Sporazum je sklopljen u cilju unaprje\u0111enja me\u0111usobne suradnje omogu\u0107avanjem stjecanja visoko\u0161kolskog obrazovanja kategoriziranim sporta\u0161ima paraolimpijcima, stjecanje neophodnih kvalifikacija za nastavak \u0161kolovanja ili nakon zavr\u0161etka profesionalne sportske karijere u sklopu cjelo\u017eivotnog obrazovanja. Tako\u0111er, sporazum obuhva\u0107a suradnju u stru\u010dnom i znanstvenom polju, mobilnost studenata i nastavnika, sudjelovanje na konferencijama, gostovanja stru\u010dnjaka na Sveu\u010dili\u0161tu i brojne druge oblike suradnje.<\/p>\n<div id='gallery-1' class='gallery galleryid-16083 gallery-columns-2 gallery-size-thumbnail'><figure class='gallery-item'>\n\t\t\t<div class='gallery-icon landscape'>\n\t\t\t\t<a href='https:\/\/www.libertas.hr\/en\/stipendije_mzo_iskustva-2\/'><img decoding=\"async\" width=\"150\" height=\"150\" src=\"https:\/\/www.libertas.hr\/wp-content\/uploads\/2023\/03\/stipendije_mzo_iskustva-150x150.jpeg\" class=\"attachment-thumbnail size-thumbnail\" alt=\"\" \/><\/a>\n\t\t\t<\/div><\/figure><figure class='gallery-item'>\n\t\t\t<div class='gallery-icon landscape'>\n\t\t\t\t<a href='https:\/\/www.libertas.hr\/en\/img_3073-scaled-2\/'><img decoding=\"async\" width=\"150\" height=\"150\" src=\"https:\/\/www.libertas.hr\/wp-content\/uploads\/2023\/02\/IMG_3073-scaled-1-150x150.jpeg\" class=\"attachment-thumbnail size-thumbnail\" alt=\"\" \/><\/a>\n\t\t\t<\/div><\/figure>\n\t\t<\/div>\n\n","protected":false},"excerpt":{"rendered":"<p>Danas su predsjednik Hrvatskog paraolimpijskog odbora Ratko Kova\u010di\u0107 i rektor Libertas me\u0111unarodnog sveu\u010dili\u0161ta prof. dr. sc. Du\u0161ko Pavlovi\u0107 potpisali sporazum o suradnji. Sporazum je sklopljen u cilju unaprje\u0111enja me\u0111usobne suradnje omogu\u0107avanjem stjecanja visoko\u0161kolskog obrazovanja kategoriziranim sporta\u0161ima paraolimpijcima, stjecanje neophodnih kvalifikacija za nastavak \u0161kolovanja ili nakon zavr\u0161etka profesionalne sportske karijere u sklopu cjelo\u017eivotnog obrazovanja. Tako\u0111er, sporazum [&hellip;]<\/p>\n","protected":false},"author":5,"featured_media":16084,"comment_status":"closed","ping_status":"open","sticky":false,"template":"","format":"standard","meta":{"footnotes":""},"categories":[24],"tags":[],"class_list":["post-16083","post","type-post","status-publish","format-standard","has-post-thumbnail","hentry","category-novosti"],"_links":{"self":[{"href":"https:\/\/www.libertas.hr\/en\/wp-json\/wp\/v2\/posts\/16083","targetHints":{"allow":["GET"]}}],"collection":[{"href":"https:\/\/www.libertas.hr\/en\/wp-json\/wp\/v2\/posts"}],"about":[{"href":"https:\/\/www.libertas.hr\/en\/wp-json\/wp\/v2\/types\/post"}],"author":[{"embeddable":true,"href":"https:\/\/www.libertas.hr\/en\/wp-json\/wp\/v2\/users\/5"}],"replies":[{"embeddable":true,"href":"https:\/\/www.libertas.hr\/en\/wp-json\/wp\/v2\/comments?post=16083"}],"version-history":[{"count":0,"href":"https:\/\/www.libertas.hr\/en\/wp-json\/wp\/v2\/posts\/16083\/revisions"}],"wp:featuredmedia":[{"embeddable":true,"href":"https:\/\/www.libertas.hr\/en\/wp-json\/wp\/v2\/media\/16084"}],"wp:attachment":[{"href":"https:\/\/www.libertas.hr\/en\/wp-json\/wp\/v2\/media?parent=16083"}],"wp:term":[{"taxonomy":"category","embeddable":true,"href":"https:\/\/www.libertas.hr\/en\/wp-json\/wp\/v2\/categories?post=16083"},{"taxonomy":"post_tag","embeddable":true,"href":"https:\/\/www.libertas.hr\/en\/wp-json\/wp\/v2\/tags?post=16083"}],"curies":[{"name":"wp","href":"https:\/\/api.w.org\/{rel}","templated":true}]}}