{"id":16071,"date":"2019-10-11T09:39:02","date_gmt":"2019-10-11T09:39:02","guid":{"rendered":"https:\/\/www.libertas.hr\/uncategorized-hr\/obracanje-rektora-studentima-prve-godine-preddiplomskih-studija\/"},"modified":"2019-10-11T09:39:02","modified_gmt":"2019-10-11T09:39:02","slug":"obracanje-rektora-studentima-prve-godine-preddiplomskih-studija","status":"publish","type":"post","link":"https:\/\/www.libertas.hr\/en\/novosti\/obracanje-rektora-studentima-prve-godine-preddiplomskih-studija\/","title":{"rendered":"Obra\u0107anje rektora studentima prve godine preddiplomskih studija"},"content":{"rendered":"<p>Rektor Sveu\u010dili\u0161ta Libertas, prof. dr. sc. Du\u0161ko Pavlovi\u0107 obratio se ju\u010der i danas redovnim studentima prve godine sveu\u010dili\u0161nih i stru\u010dnih preddiplomskih studija i upoznao ih s uvjetima studiranja na Sveu\u010dili\u0161tu Libertas. U svom obra\u0107anju, rektor je predstavio studentima na\u010din studiranja i izvannastavne mogu\u0107nosti na Sveu\u010dili\u0161tu Libertas, te ih pozvao da redovito prisustvuju predavanjima, marljivo u\u010de, te da se pridru\u017ee brojnim izvannastavnim aktivnostima na na\u0161em Sveu\u010dili\u0161tu.<\/p>\n<p>Dragi bruco\u0161i, \u017eelimo vam ugodan boravak i studiranje na na\u0161em Sveu\u010dili\u0161tu!<\/p>\n<div id='gallery-1' class='gallery galleryid-16071 gallery-columns-5 gallery-size-thumbnail'><figure class='gallery-item'>\n\t\t\t<div class='gallery-icon landscape'>\n\t\t\t\t<a href='https:\/\/www.libertas.hr\/en\/svecana_promocija_sveuciliste_libertas-2\/'><img decoding=\"async\" width=\"150\" height=\"150\" src=\"https:\/\/www.libertas.hr\/wp-content\/uploads\/2023\/02\/svecana_promocija_sveuciliste_libertas-150x150.png\" class=\"attachment-thumbnail size-thumbnail\" alt=\"\" \/><\/a>\n\t\t\t<\/div><\/figure><figure class='gallery-item'>\n\t\t\t<div class='gallery-icon landscape'>\n\t\t\t\t<a href='https:\/\/www.libertas.hr\/en\/img_3001-scaled-2\/'><img decoding=\"async\" width=\"150\" height=\"150\" src=\"https:\/\/www.libertas.hr\/wp-content\/uploads\/2023\/02\/IMG_3001-scaled-1-150x150.jpeg\" class=\"attachment-thumbnail size-thumbnail\" alt=\"\" \/><\/a>\n\t\t\t<\/div><\/figure><figure class='gallery-item'>\n\t\t\t<div class='gallery-icon landscape'>\n\t\t\t\t<a href='https:\/\/www.libertas.hr\/en\/img_3057-scaled-2\/'><img decoding=\"async\" width=\"150\" height=\"150\" src=\"https:\/\/www.libertas.hr\/wp-content\/uploads\/2023\/02\/IMG_3057-scaled-1-150x150.jpeg\" class=\"attachment-thumbnail size-thumbnail\" alt=\"\" \/><\/a>\n\t\t\t<\/div><\/figure><figure class='gallery-item'>\n\t\t\t<div class='gallery-icon landscape'>\n\t\t\t\t<a href='https:\/\/www.libertas.hr\/en\/img_3179-scaled-2\/'><img loading=\"lazy\" decoding=\"async\" width=\"150\" height=\"150\" src=\"https:\/\/www.libertas.hr\/wp-content\/uploads\/2023\/02\/IMG_3179-scaled-1-150x150.jpeg\" class=\"attachment-thumbnail size-thumbnail\" alt=\"\" \/><\/a>\n\t\t\t<\/div><\/figure>\n\t\t<\/div>\n\n","protected":false},"excerpt":{"rendered":"<p>Rektor Sveu\u010dili\u0161ta Libertas, prof. dr. sc. Du\u0161ko Pavlovi\u0107 obratio se ju\u010der i danas redovnim studentima prve godine sveu\u010dili\u0161nih i stru\u010dnih preddiplomskih studija i upoznao ih s uvjetima studiranja na Sveu\u010dili\u0161tu Libertas. U svom obra\u0107anju, rektor je predstavio studentima na\u010din studiranja i izvannastavne mogu\u0107nosti na Sveu\u010dili\u0161tu Libertas, te ih pozvao da redovito prisustvuju predavanjima, marljivo u\u010de, [&hellip;]<\/p>\n","protected":false},"author":5,"featured_media":16072,"comment_status":"closed","ping_status":"open","sticky":false,"template":"","format":"standard","meta":{"footnotes":""},"categories":[24],"tags":[],"class_list":["post-16071","post","type-post","status-publish","format-standard","has-post-thumbnail","hentry","category-novosti"],"_links":{"self":[{"href":"https:\/\/www.libertas.hr\/en\/wp-json\/wp\/v2\/posts\/16071","targetHints":{"allow":["GET"]}}],"collection":[{"href":"https:\/\/www.libertas.hr\/en\/wp-json\/wp\/v2\/posts"}],"about":[{"href":"https:\/\/www.libertas.hr\/en\/wp-json\/wp\/v2\/types\/post"}],"author":[{"embeddable":true,"href":"https:\/\/www.libertas.hr\/en\/wp-json\/wp\/v2\/users\/5"}],"replies":[{"embeddable":true,"href":"https:\/\/www.libertas.hr\/en\/wp-json\/wp\/v2\/comments?post=16071"}],"version-history":[{"count":0,"href":"https:\/\/www.libertas.hr\/en\/wp-json\/wp\/v2\/posts\/16071\/revisions"}],"wp:featuredmedia":[{"embeddable":true,"href":"https:\/\/www.libertas.hr\/en\/wp-json\/wp\/v2\/media\/16072"}],"wp:attachment":[{"href":"https:\/\/www.libertas.hr\/en\/wp-json\/wp\/v2\/media?parent=16071"}],"wp:term":[{"taxonomy":"category","embeddable":true,"href":"https:\/\/www.libertas.hr\/en\/wp-json\/wp\/v2\/categories?post=16071"},{"taxonomy":"post_tag","embeddable":true,"href":"https:\/\/www.libertas.hr\/en\/wp-json\/wp\/v2\/tags?post=16071"}],"curies":[{"name":"wp","href":"https:\/\/api.w.org\/{rel}","templated":true}]}}