{"id":16056,"date":"2019-10-09T06:56:36","date_gmt":"2019-10-09T06:56:36","guid":{"rendered":"https:\/\/www.libertas.hr\/uncategorized-hr\/odrzan-medunarodni-znanstveni-skup-physiotherapia-croatica-2019\/"},"modified":"2019-10-09T06:56:36","modified_gmt":"2019-10-09T06:56:36","slug":"odrzan-medunarodni-znanstveni-skup-physiotherapia-croatica-2019","status":"publish","type":"post","link":"https:\/\/www.libertas.hr\/en\/dogadanja\/odrzan-medunarodni-znanstveni-skup-physiotherapia-croatica-2019\/","title":{"rendered":"Odr\u017ean me\u0111unarodni znanstveni skup \u201ePhysiotherapia Croatica 2019\u201c"},"content":{"rendered":"<p><img decoding=\"async\" class=\"alignleft size-medium wp-image-11219\" src=\"https:\/\/www.libertas.hr\/wp-content\/uploads\/2019\/09\/ZS-1-300x160-1.jpg\" alt=\"\" width=\"300\" height=\"160\" \/><\/p>\n<p>04.listopada 2019. u prostorijama Libertas me\u0111unarodnog sveu\u010dili\u0161ta je odr\u017ean me\u0111unarodni znanstveni skup fizioterapeuta pod nazivom<strong>\u00a0\u201cPhysiotherapia Croatica 2019\u201d.<\/strong> Skup je organiziran od strane Hrvatskog zbora fizioterapeuta, te pod pokroviteljstvom Libertas me\u0111unarodnog sveu\u010dili\u0161ta, predsjednice Republike Hrvatske Kolinde Grabar Kitarovi\u0107, Ministarstva zdravstva i gradona\u010delnika Grada Zagreba Milana Bandi\u0107a.<\/p>\n<p>Sve\u010danost uvodnog dijela obilje\u017eili su govori predsjednice Hrvatskog zbora fizioterapeuta<strong> g\u0111e. Snje\u017eane Benko<\/strong>, izaslanika Predsjednice RH Igor Jelaska\u00a0i prodekanice Sveu\u010dili\u0161ta Libertas <strong>prof. emeritus. Ane Stavljeni\u0107 Rukavina<\/strong>. Nakon uvodnog dijela, zapo\u010deo je radni dio konferencije u kojem je izme\u0111u ostalih predavanje odr\u017eala i prof. dr. sc. Jasna Mesari\u0107 na temu Sigurnost pacijenata u fizioterapiji. <em>&#8220;Po\u010dev\u0161i od same eti\u010dke, profesionalne i regulatorne odgovornosti, svojim radom i pru\u017eanjem fizioterapeutskih intervencija razli\u010ditih vrsta i raspona, fizioterapeuti sudjeluju u pove\u0107anju brzine funkcionalnog oporavka pacijenta, a time u smanjenju svih mogu\u0107ih komplikacija i time doprinose skra\u0107enju boravka bolesnika u bolnici ili samog lije\u010denja u izvanbolni\u010dkom procesu,&#8221;\u00a0<\/em>objasnila je prof. Mesari\u0107<\/p>\n<p>Brojni drugi stru\u010dnjaci iz podru\u010dja fizioterapije odr\u017eali su svoja predavanja te su prisutni imali prilike nau\u010diti o novitetima u ovom podru\u010dju znanosti i upoznati se s novim pristupima rje\u0161avanja problema. Skup je zatvoren raspravom u 18 h.<\/p>\n<div id='gallery-1' class='gallery galleryid-16056 gallery-columns-3 gallery-size-thumbnail'><figure class='gallery-item'>\n\t\t\t<div class='gallery-icon landscape'>\n\t\t\t\t<a href='https:\/\/www.libertas.hr\/en\/drugasveucilisnadebata-9-scaled-2\/'><img decoding=\"async\" width=\"150\" height=\"150\" src=\"https:\/\/www.libertas.hr\/wp-content\/uploads\/2023\/01\/drugaSveucilisnaDebata-9-scaled-1-150x150.jpeg\" class=\"attachment-thumbnail size-thumbnail\" alt=\"\" \/><\/a>\n\t\t\t<\/div><\/figure><figure class='gallery-item'>\n\t\t\t<div class='gallery-icon landscape'>\n\t\t\t\t<a href='https:\/\/www.libertas.hr\/en\/drugasveucilisnadebata-11-scaled-2\/'><img decoding=\"async\" width=\"150\" height=\"150\" src=\"https:\/\/www.libertas.hr\/wp-content\/uploads\/2023\/01\/drugaSveucilisnaDebata-11-scaled-1-150x150.jpeg\" class=\"attachment-thumbnail size-thumbnail\" alt=\"\" \/><\/a>\n\t\t\t<\/div><\/figure><figure class='gallery-item'>\n\t\t\t<div class='gallery-icon landscape'>\n\t\t\t\t<a href='https:\/\/www.libertas.hr\/en\/drugasveucilisnadebata-12-scaled-2\/'><img loading=\"lazy\" decoding=\"async\" width=\"150\" height=\"150\" src=\"https:\/\/www.libertas.hr\/wp-content\/uploads\/2023\/01\/drugaSveucilisnaDebata-12-scaled-1-150x150.jpeg\" class=\"attachment-thumbnail size-thumbnail\" alt=\"\" \/><\/a>\n\t\t\t<\/div><\/figure><figure class='gallery-item'>\n\t\t\t<div class='gallery-icon landscape'>\n\t\t\t\t<a href='https:\/\/www.libertas.hr\/en\/drugasveucilisnadebata-3-scaled-2\/'><img loading=\"lazy\" decoding=\"async\" width=\"150\" height=\"150\" src=\"https:\/\/www.libertas.hr\/wp-content\/uploads\/2023\/01\/drugaSveucilisnaDebata-3-scaled-1-150x150.jpeg\" class=\"attachment-thumbnail size-thumbnail\" alt=\"\" \/><\/a>\n\t\t\t<\/div><\/figure><figure class='gallery-item'>\n\t\t\t<div class='gallery-icon landscape'>\n\t\t\t\t<a href='https:\/\/www.libertas.hr\/en\/drugasveucilisnadebata-10-scaled-2\/'><img loading=\"lazy\" decoding=\"async\" width=\"150\" height=\"150\" src=\"https:\/\/www.libertas.hr\/wp-content\/uploads\/2023\/01\/drugaSveucilisnaDebata-10-scaled-1-150x150.jpeg\" class=\"attachment-thumbnail size-thumbnail\" alt=\"\" \/><\/a>\n\t\t\t<\/div><\/figure>\n\t\t<\/div>\n\n","protected":false},"excerpt":{"rendered":"<p>04.listopada 2019. u prostorijama Libertas me\u0111unarodnog sveu\u010dili\u0161ta je odr\u017ean me\u0111unarodni znanstveni skup fizioterapeuta pod nazivom\u00a0\u201cPhysiotherapia Croatica 2019\u201d. Skup je organiziran od strane Hrvatskog zbora fizioterapeuta, te pod pokroviteljstvom Libertas me\u0111unarodnog sveu\u010dili\u0161ta, predsjednice Republike Hrvatske Kolinde Grabar Kitarovi\u0107, Ministarstva zdravstva i gradona\u010delnika Grada Zagreba Milana Bandi\u0107a. Sve\u010danost uvodnog dijela obilje\u017eili su govori predsjednice Hrvatskog zbora fizioterapeuta [&hellip;]<\/p>\n","protected":false},"author":5,"featured_media":16057,"comment_status":"closed","ping_status":"open","sticky":false,"template":"","format":"standard","meta":{"footnotes":""},"categories":[23,24],"tags":[],"class_list":["post-16056","post","type-post","status-publish","format-standard","has-post-thumbnail","hentry","category-dogadanja","category-novosti"],"_links":{"self":[{"href":"https:\/\/www.libertas.hr\/en\/wp-json\/wp\/v2\/posts\/16056","targetHints":{"allow":["GET"]}}],"collection":[{"href":"https:\/\/www.libertas.hr\/en\/wp-json\/wp\/v2\/posts"}],"about":[{"href":"https:\/\/www.libertas.hr\/en\/wp-json\/wp\/v2\/types\/post"}],"author":[{"embeddable":true,"href":"https:\/\/www.libertas.hr\/en\/wp-json\/wp\/v2\/users\/5"}],"replies":[{"embeddable":true,"href":"https:\/\/www.libertas.hr\/en\/wp-json\/wp\/v2\/comments?post=16056"}],"version-history":[{"count":0,"href":"https:\/\/www.libertas.hr\/en\/wp-json\/wp\/v2\/posts\/16056\/revisions"}],"wp:featuredmedia":[{"embeddable":true,"href":"https:\/\/www.libertas.hr\/en\/wp-json\/wp\/v2\/media\/16057"}],"wp:attachment":[{"href":"https:\/\/www.libertas.hr\/en\/wp-json\/wp\/v2\/media?parent=16056"}],"wp:term":[{"taxonomy":"category","embeddable":true,"href":"https:\/\/www.libertas.hr\/en\/wp-json\/wp\/v2\/categories?post=16056"},{"taxonomy":"post_tag","embeddable":true,"href":"https:\/\/www.libertas.hr\/en\/wp-json\/wp\/v2\/tags?post=16056"}],"curies":[{"name":"wp","href":"https:\/\/api.w.org\/{rel}","templated":true}]}}