{"id":16024,"date":"2019-09-30T08:46:30","date_gmt":"2019-09-30T08:46:30","guid":{"rendered":"https:\/\/www.libertas.hr\/uncategorized-hr\/prvi-dan-nastave-u-akademskoj-godini-2019-2020\/"},"modified":"2019-09-30T08:46:30","modified_gmt":"2019-09-30T08:46:30","slug":"prvi-dan-nastave-u-akademskoj-godini-2019-2020","status":"publish","type":"post","link":"https:\/\/www.libertas.hr\/en\/novosti\/prvi-dan-nastave-u-akademskoj-godini-2019-2020\/","title":{"rendered":"Prvi dan nastave u akademskoj godini 2019.\/2020."},"content":{"rendered":"<p>Danas, 30.rujna 2019. godine odr\u017ean je prvi dan nastave u akademskoj godini 2019.\/2020. Za sve studente prve godine odr\u017eana su uvodna predavanja u kojima su se studenti upoznali s va\u017enim informacijama vezanim za studiranje na Sveu\u010dili\u0161tu Libertas.<\/p>\n<p><em>Svim na\u0161im studentima \u017eelimo uspje\u0161nu novu akademsku godinu!<\/em><\/p>\n<div id='gallery-1' class='gallery galleryid-16024 gallery-columns-4 gallery-size-thumbnail'><figure class='gallery-item'>\n\t\t\t<div class='gallery-icon landscape'>\n\t\t\t\t<a href='https:\/\/www.libertas.hr\/en\/forum-34-2\/'><img decoding=\"async\" width=\"150\" height=\"150\" src=\"https:\/\/www.libertas.hr\/wp-content\/uploads\/2023\/12\/Forum-34-150x150.jpeg\" class=\"attachment-thumbnail size-thumbnail\" alt=\"\" \/><\/a>\n\t\t\t<\/div><\/figure><figure class='gallery-item'>\n\t\t\t<div class='gallery-icon landscape'>\n\t\t\t\t<a href='https:\/\/www.libertas.hr\/en\/forum-36-2\/'><img decoding=\"async\" width=\"150\" height=\"150\" src=\"https:\/\/www.libertas.hr\/wp-content\/uploads\/2023\/12\/Forum-36-150x150.jpeg\" class=\"attachment-thumbnail size-thumbnail\" alt=\"\" \/><\/a>\n\t\t\t<\/div><\/figure><figure class='gallery-item'>\n\t\t\t<div class='gallery-icon landscape'>\n\t\t\t\t<a href='https:\/\/www.libertas.hr\/en\/forum-37-2\/'><img decoding=\"async\" width=\"150\" height=\"150\" src=\"https:\/\/www.libertas.hr\/wp-content\/uploads\/2023\/12\/Forum-37-150x150.jpeg\" class=\"attachment-thumbnail size-thumbnail\" alt=\"\" \/><\/a>\n\t\t\t<\/div><\/figure><figure class='gallery-item'>\n\t\t\t<div class='gallery-icon landscape'>\n\t\t\t\t<a href='https:\/\/www.libertas.hr\/en\/forum-35-2\/'><img loading=\"lazy\" decoding=\"async\" width=\"150\" height=\"150\" src=\"https:\/\/www.libertas.hr\/wp-content\/uploads\/2023\/12\/Forum-35-150x150.jpeg\" class=\"attachment-thumbnail size-thumbnail\" alt=\"\" \/><\/a>\n\t\t\t<\/div><\/figure>\n\t\t<\/div>\n\n","protected":false},"excerpt":{"rendered":"<p>Danas, 30.rujna 2019. godine odr\u017ean je prvi dan nastave u akademskoj godini 2019.\/2020. Za sve studente prve godine odr\u017eana su uvodna predavanja u kojima su se studenti upoznali s va\u017enim informacijama vezanim za studiranje na Sveu\u010dili\u0161tu Libertas. Svim na\u0161im studentima \u017eelimo uspje\u0161nu novu akademsku godinu!<\/p>\n","protected":false},"author":5,"featured_media":16025,"comment_status":"closed","ping_status":"open","sticky":false,"template":"","format":"standard","meta":{"footnotes":""},"categories":[24],"tags":[],"class_list":["post-16024","post","type-post","status-publish","format-standard","has-post-thumbnail","hentry","category-novosti"],"_links":{"self":[{"href":"https:\/\/www.libertas.hr\/en\/wp-json\/wp\/v2\/posts\/16024","targetHints":{"allow":["GET"]}}],"collection":[{"href":"https:\/\/www.libertas.hr\/en\/wp-json\/wp\/v2\/posts"}],"about":[{"href":"https:\/\/www.libertas.hr\/en\/wp-json\/wp\/v2\/types\/post"}],"author":[{"embeddable":true,"href":"https:\/\/www.libertas.hr\/en\/wp-json\/wp\/v2\/users\/5"}],"replies":[{"embeddable":true,"href":"https:\/\/www.libertas.hr\/en\/wp-json\/wp\/v2\/comments?post=16024"}],"version-history":[{"count":0,"href":"https:\/\/www.libertas.hr\/en\/wp-json\/wp\/v2\/posts\/16024\/revisions"}],"wp:featuredmedia":[{"embeddable":true,"href":"https:\/\/www.libertas.hr\/en\/wp-json\/wp\/v2\/media\/16025"}],"wp:attachment":[{"href":"https:\/\/www.libertas.hr\/en\/wp-json\/wp\/v2\/media?parent=16024"}],"wp:term":[{"taxonomy":"category","embeddable":true,"href":"https:\/\/www.libertas.hr\/en\/wp-json\/wp\/v2\/categories?post=16024"},{"taxonomy":"post_tag","embeddable":true,"href":"https:\/\/www.libertas.hr\/en\/wp-json\/wp\/v2\/tags?post=16024"}],"curies":[{"name":"wp","href":"https:\/\/api.w.org\/{rel}","templated":true}]}}