{"id":16003,"date":"2019-09-26T09:22:05","date_gmt":"2019-09-26T09:22:05","guid":{"rendered":"https:\/\/www.libertas.hr\/uncategorized-hr\/prof-dr-sc-ivan-grdesic-novi-dekan-fakulteta-za-medunarodne-odnose-i-diplomaciju\/"},"modified":"2019-09-26T09:22:05","modified_gmt":"2019-09-26T09:22:05","slug":"prof-dr-sc-ivan-grdesic-novi-dekan-fakulteta-za-medunarodne-odnose-i-diplomaciju","status":"publish","type":"post","link":"https:\/\/www.libertas.hr\/en\/novosti\/prof-dr-sc-ivan-grdesic-novi-dekan-fakulteta-za-medunarodne-odnose-i-diplomaciju\/","title":{"rendered":"prof. dr. sc. Ivan Grde\u0161i\u0107 &#8211; novi dekan Fakulteta za me\u0111unarodne odnose i diplomaciju"},"content":{"rendered":"<p>Prof. dr. sc. Ivan Grde\u0161i\u0107 imenovan je za novog dekana Fakulteta za me\u0111unarodne odnose i diplomaciju Sveu\u010dili\u0161ta Libertas. Profesor Grde\u0161i\u0107 je umirovljeni redoviti profesor u trajnom zvanju s Fakulteta politi\u010dkih znanosti Sveu\u010dili\u0161ta u Zagrebu. Autor je dvije knjige \u201cPoliti\u010dko odlu\u010divanje\u201d (1995) i \u201cOsnove analize javnih politika\u201d (2006). Objavljivao je u doma\u0107im i stranim znanstvenim i stru\u010dnim \u010dasopisima o politi\u010dkom sustavu Hrvatske, demokratskoj tranziciji, izborima i javnim politikama. Koautor je nekoliko knjiga.<\/p>\n<p><img fetchpriority=\"high\" decoding=\"async\" class=\"alignleft wp-image-11206 size-medium\" src=\"https:\/\/www.libertas.hr\/wp-content\/uploads\/2019\/09\/politicko_odlucivanje-209x300-1.jpg\" alt=\"\" width=\"209\" height=\"300\" \/><img decoding=\"async\" class=\"alignnone wp-image-11204 size-medium\" src=\"https:\/\/www.libertas.hr\/wp-content\/uploads\/2019\/09\/document_cover-page-image_342452-201x300-1.gif\" alt=\"\" width=\"201\" height=\"300\" \/><\/p>\n<p>Bio je Fulbright gostuju\u0107i profesor na Virginia Polytechnic Institute and State University, Blacksburg i na Indiana University, Bloomington. Bio je Public Policy Scholar na Woodrow Wilson International Center for Scholars, Washington DC, prolje\u0107e 2009. Od 1996. \u2013 1999. bio je prodekan Fakulteta politi\u010dkih znanosti u Zagreb i predsjednik Hrvatskog politolo\u0161kog dru\u0161tva. Predsjednik je Hrvatskog dru\u0161tva fulbrajtovaca. Bio je predstojnik Centra za cjelo\u017eivotno obrazovanje Fakulteta politi\u010dkih znanosti u Zagrebu, suosniva\u010d i kourednik stru\u010dnog \u010dasopisa \u201dPoliti\u010dke analize\u201d te voditelj poslijediplomskog specijalisti\u010dkog studija \u201cLokalna demokracija i razvoj\u201d.<\/p>\n<p><img decoding=\"async\" class=\"aligncenter size-full wp-image-11208\" src=\"https:\/\/www.libertas.hr\/wp-content\/uploads\/2019\/02\/P1040032-scaled.jpg\" alt=\"\" width=\"4896\" height=\"3672\" \/><br \/>\nSlu\u017eio je kao veleposlanik Republike Hrvatske u SAD od 2000. do 2004. i u Ujedinjenoj Kraljevini Velike Britanije i Sjeverne Irske od 2012. do 2017. U mirovini je od 1. listopada 2017. Od sije\u010dnja 2019. profesor je na Libertas me\u0111unarodnom sveu\u010dili\u0161tu, na pola radnog vremena, gdje predaje kolegije Me\u0111unarodni odnosi na diplomskom studiju te Diplomacija na dodiplomskom studiju, Fakulteta za Me\u0111unarodne odnose i diplomaciju.<\/p>\n<p>Savjet koji profesor Grde\u0161i\u0107 za maturante koji razmi\u0161ljaju o upisu na Fakultet me\u0111unarodnih odnosa i diplomacije ima je: &#8220;<span style=\"color: #0000ff;\"><em><span style=\"color: #0000ff;\">Studij Me\u0111unarodnih odnosa i diplomacije upravo je to \u0161to i govori njegov naziv, tako da maturanti ne trebaju biti u nedoumici \u0161to \u0107e studirati i \u010dime \u0107e se baviti. Ako ih zanimaju teme suvremenog svijeta, me\u0111unarodnih odnosa, vanjske politike, globalizacije, tada su na pravom mjestu. Naravno znanje samo po sebi je lijepo ali mladi ljudi moraju oblikovati svoju profesiju i budu\u0107u karijeru, Libertas, mislim, daje dobru kombinaciju i omjer teorijskog temeljnog znanja i primijenjenih\u00a0i primjenjivih znanja i sposobnosti&#8221;<\/span><\/em><\/span><\/p>\n<p>A savjet diplomantima koji su zavr\u0161ili studij na ovom Fakultetu je:<em><span style=\"color: #0000ff;\"> &#8220;Iz profesorskog i diplomatskog iskustva moj je savjet novim diplomantima da ne odustaju od svojeg sna, da ne odustaju od onog \u0161to \u017eele raditi, od onog \u0161to ih odu\u0161evljava i inspirira. Zato i kad nai\u0111u na otpor uskogrudnih \u0161efova, prepla\u0161enih kolega, birokrata iz susjednog ureda koji razmi\u0161ljaju samo o tome kako ne\u0161to nije mogu\u0107e napraviti, neka ne odustaju, neka izdr\u017ee, otvorit \u0107e se mogu\u0107nosti i za njihov doprinos, do\u0107i \u0107e trenutak kad \u0161ef ne\u0107e biti ograni\u010deni karijerist nego netko spreman pomo\u0107i vam da poletite. Prepreke su naj\u010de\u0161\u0107e vezane uz birokratska pravila i hijerarhije, njih treba razumjeti jer i one imaju svrhu, ali mladima je zadatak da ih uvijek propituju i provjeravaju. &#8220;<\/span><\/em><\/p>\n<p><img loading=\"lazy\" decoding=\"async\" class=\"aligncenter size-full wp-image-11210\" src=\"https:\/\/www.libertas.hr\/wp-content\/uploads\/2019\/09\/P1250693-Copy-scaled.jpg\" alt=\"\" width=\"4896\" height=\"3672\" \/><\/p>\n","protected":false},"excerpt":{"rendered":"<p>Prof. dr. sc. Ivan Grde\u0161i\u0107 imenovan je za novog dekana Fakulteta za me\u0111unarodne odnose i diplomaciju Sveu\u010dili\u0161ta Libertas. Profesor Grde\u0161i\u0107 je umirovljeni redoviti profesor u trajnom zvanju s Fakulteta politi\u010dkih znanosti Sveu\u010dili\u0161ta u Zagrebu. Autor je dvije knjige \u201cPoliti\u010dko odlu\u010divanje\u201d (1995) i \u201cOsnove analize javnih politika\u201d (2006). Objavljivao je u doma\u0107im i stranim znanstvenim i [&hellip;]<\/p>\n","protected":false},"author":5,"featured_media":10169,"comment_status":"closed","ping_status":"open","sticky":false,"template":"","format":"standard","meta":{"footnotes":""},"categories":[24],"tags":[],"class_list":["post-16003","post","type-post","status-publish","format-standard","has-post-thumbnail","hentry","category-novosti"],"_links":{"self":[{"href":"https:\/\/www.libertas.hr\/en\/wp-json\/wp\/v2\/posts\/16003","targetHints":{"allow":["GET"]}}],"collection":[{"href":"https:\/\/www.libertas.hr\/en\/wp-json\/wp\/v2\/posts"}],"about":[{"href":"https:\/\/www.libertas.hr\/en\/wp-json\/wp\/v2\/types\/post"}],"author":[{"embeddable":true,"href":"https:\/\/www.libertas.hr\/en\/wp-json\/wp\/v2\/users\/5"}],"replies":[{"embeddable":true,"href":"https:\/\/www.libertas.hr\/en\/wp-json\/wp\/v2\/comments?post=16003"}],"version-history":[{"count":0,"href":"https:\/\/www.libertas.hr\/en\/wp-json\/wp\/v2\/posts\/16003\/revisions"}],"wp:featuredmedia":[{"embeddable":true,"href":"https:\/\/www.libertas.hr\/en\/wp-json\/wp\/v2\/media\/10169"}],"wp:attachment":[{"href":"https:\/\/www.libertas.hr\/en\/wp-json\/wp\/v2\/media?parent=16003"}],"wp:term":[{"taxonomy":"category","embeddable":true,"href":"https:\/\/www.libertas.hr\/en\/wp-json\/wp\/v2\/categories?post=16003"},{"taxonomy":"post_tag","embeddable":true,"href":"https:\/\/www.libertas.hr\/en\/wp-json\/wp\/v2\/tags?post=16003"}],"curies":[{"name":"wp","href":"https:\/\/api.w.org\/{rel}","templated":true}]}}