{"id":15996,"date":"2019-09-25T10:06:36","date_gmt":"2019-09-25T10:06:36","guid":{"rendered":"https:\/\/www.libertas.hr\/uncategorized-hr\/intervju-u-magazinu-globus-s-dr-sc-ivom-andrijanicem-prof-emeritus\/"},"modified":"2019-09-25T10:06:36","modified_gmt":"2019-09-25T10:06:36","slug":"intervju-u-magazinu-globus-s-dr-sc-ivom-andrijanicem-prof-emeritus","status":"publish","type":"post","link":"https:\/\/www.libertas.hr\/en\/novosti\/intervju-u-magazinu-globus-s-dr-sc-ivom-andrijanicem-prof-emeritus\/","title":{"rendered":"Intervju u magazinu Globus s dr. sc. Ivom Andrijani\u0107em, prof. emeritus."},"content":{"rendered":"<p><img fetchpriority=\"high\" decoding=\"async\" class=\"alignleft size-medium wp-image-11192\" src=\"https:\/\/www.libertas.hr\/wp-content\/uploads\/2019\/09\/IMG_8205-180x300-1.jpg\" alt=\"\" width=\"180\" height=\"300\" \/>Dekan Fakulteta za ekonomiju i me\u0111unarodno poslovanje Sveu\u010dili\u0161ta Libertas, dr.sc. Ivo Andrijani\u0107 u intervjuu za magazin Globus iznio je svoj stav o izvoznoj strategiji Republike Hrvatske i ekonomskim razlikama izme\u0111u socijalisti\u010dkog i kapitalisti\u010dkog sustava.<\/p>\n<p>&#8220;<em>&#8230;u podsvijesti ogromne ve\u0107ine radno anga\u017eiranog stanovni\u0161tva jo\u0161 dugo vremena nije bilo izbrisano naslije\u0111e odnosno ostav\u0161tina nekada\u0161njeg samoupravnog socijalizma, tako da je privikavanje na novi sustav privre\u0111ivanja, ali i odnosa prema vlasni\u0161tvu i\u0161ao relativno sporo. Globalizirano tr\u017ei\u0161te donijelo je neke novine koje su u mnogim tranzicijskim zemljama biv\u0161eg socijalisti\u010dkog bloka br\u017ee prihva\u0107en i provedene nego je to bio slu\u010daj u Hrvatskoj. To je rezultiralo \u010dinjenicom da su neke od njih vrlo brzo sustigle pa i prestigle Hrvatsku, koja je imala \u010dak i bolje predispozicije od njih, kako u ekonomskom tako i u tehnolo\u0161ko razvojnom smislu.&#8221; <\/em>rekao je <strong>dr.sc. Ivo Andrijani\u0107, prof. emeritus<\/strong><\/p>\n<p>Cijeli intervju mo\u017eete pro\u010ditati <a href=\"https:\/\/arhiva.libertas.hr\/wp-content\/uploads\/2019\/09\/prof-Andrijani\u0107.pdf\">ovdje.<\/a><\/p>\n<p>&nbsp;<\/p>\n","protected":false},"excerpt":{"rendered":"<p>Dekan Fakulteta za ekonomiju i me\u0111unarodno poslovanje Sveu\u010dili\u0161ta Libertas, dr.sc. Ivo Andrijani\u0107 u intervjuu za magazin Globus iznio je svoj stav o izvoznoj strategiji Republike Hrvatske i ekonomskim razlikama izme\u0111u socijalisti\u010dkog i kapitalisti\u010dkog sustava. &#8220;&#8230;u podsvijesti ogromne ve\u0107ine radno anga\u017eiranog stanovni\u0161tva jo\u0161 dugo vremena nije bilo izbrisano naslije\u0111e odnosno ostav\u0161tina nekada\u0161njeg samoupravnog socijalizma, tako da [&hellip;]<\/p>\n","protected":false},"author":5,"featured_media":15682,"comment_status":"closed","ping_status":"open","sticky":false,"template":"","format":"standard","meta":{"footnotes":""},"categories":[24],"tags":[],"class_list":["post-15996","post","type-post","status-publish","format-standard","has-post-thumbnail","hentry","category-novosti"],"_links":{"self":[{"href":"https:\/\/www.libertas.hr\/en\/wp-json\/wp\/v2\/posts\/15996","targetHints":{"allow":["GET"]}}],"collection":[{"href":"https:\/\/www.libertas.hr\/en\/wp-json\/wp\/v2\/posts"}],"about":[{"href":"https:\/\/www.libertas.hr\/en\/wp-json\/wp\/v2\/types\/post"}],"author":[{"embeddable":true,"href":"https:\/\/www.libertas.hr\/en\/wp-json\/wp\/v2\/users\/5"}],"replies":[{"embeddable":true,"href":"https:\/\/www.libertas.hr\/en\/wp-json\/wp\/v2\/comments?post=15996"}],"version-history":[{"count":0,"href":"https:\/\/www.libertas.hr\/en\/wp-json\/wp\/v2\/posts\/15996\/revisions"}],"wp:featuredmedia":[{"embeddable":true,"href":"https:\/\/www.libertas.hr\/en\/wp-json\/wp\/v2\/media\/15682"}],"wp:attachment":[{"href":"https:\/\/www.libertas.hr\/en\/wp-json\/wp\/v2\/media?parent=15996"}],"wp:term":[{"taxonomy":"category","embeddable":true,"href":"https:\/\/www.libertas.hr\/en\/wp-json\/wp\/v2\/categories?post=15996"},{"taxonomy":"post_tag","embeddable":true,"href":"https:\/\/www.libertas.hr\/en\/wp-json\/wp\/v2\/tags?post=15996"}],"curies":[{"name":"wp","href":"https:\/\/api.w.org\/{rel}","templated":true}]}}