{"id":15990,"date":"2019-09-20T08:16:19","date_gmt":"2019-09-20T08:16:19","guid":{"rendered":"https:\/\/www.libertas.hr\/uncategorized-hr\/prijemni-ispit-za-studijski-smjer-gluma-odrzat-ce-se-27-09-u-12h-2\/"},"modified":"2019-09-20T08:16:19","modified_gmt":"2019-09-20T08:16:19","slug":"prijemni-ispit-za-studijski-smjer-gluma-odrzat-ce-se-27-09-u-12h-2","status":"publish","type":"post","link":"https:\/\/www.libertas.hr\/en\/dogadanja\/prijemni-ispit-za-studijski-smjer-gluma-odrzat-ce-se-27-09-u-12h-2\/","title":{"rendered":"Prijemni ispit za studijski smjer Gluma odr\u017eat \u0107e se 27.09. u 12h!"},"content":{"rendered":"<blockquote><p><span style=\"color: #333333;\">Za mene biti glumac zna\u010di, biti dobrovoljni polaznik jedne \u0161kole koja se zove kazali\u0161te \u010diji sam odu\u0161evljeni polaznik, istra\u017eiva\u010d i pripadnik i danas. Nadam se da tu \u0161kolu nikada ne\u0107u zavr\u0161iti pa i po cijenu da me zbog toga proglase lo\u0161im u\u010denikom. Pridru\u017eite mi se i prona\u0111imo putem umjetnosti sebe.<\/span><\/p>\n<p style=\"text-align: center;\"><span style=\"color: #ff6600;\"><em>izv.prof.art. Branka Cvitkovi\u0107, dekanica<\/em><\/span><\/p>\n<\/blockquote>\n<div>Libertas me\u0111unarodno sveu\u010dili\u0161te objavljuje datum <strong>prijemnog ispita<\/strong> za upis nove generacije studenata Glume. Prijemni ispit \u0107e se odr\u017eati<strong> 27.rujna 2019. u 12h!<\/strong> Molimo sve zainteresirane da pro\u010ditaju dolje navedene informacije, te da pristupe prijemnom ispitu.<\/div>\n<div><span style=\"color: #ffffff;\">&#8212;&#8212;&#8212;&#8212;&#8212;&#8212;&#8212;&#8212;&#8212;&#8212;&#8212;&#8212;&#8212;&#8212;&#8212;&#8212;&#8212;&#8212;&#8212;&#8212;&#8212;&#8212;&#8212;&#8212;&#8212;&#8212;&#8212;&#8212;&#8212;&#8212;&#8212;&#8212;&#8212;&#8212;&#8212;&#8212;&#8212;&#8212;&#8212;&#8212;&#8212;&#8212;&#8212;&#8212;&#8212;&#8212;&#8212;&#8212;&#8212;&#8212;&#8212;&#8212;<\/span><\/div>\n<div><\/div>\n<div><strong style=\"color: #0000ff;\">STUDIJ GLUME\u00a0<\/strong><\/div>\n<div><span style=\"color: #ffffff;\">.<\/span><\/div>\n<div>\n<p>Sve\u010dili\u0161ni studij Glume obu\u010dava mladog \u010dovjeka za cijeli \u017eivot razvijaju\u0107i samostalnost i samopouzdanje. Poti\u010de ga da se slobodno izrazi i zauzme poziciju predvoditelja inzistiraju\u0107i na realizaciji vlastitih ideja. Nadahnjuje ga da razvija svoj talent te mu daje znanja i alate kojima svoj potencijal mo\u017ee ostvariti.<\/p>\n<p><span style=\"color: #0000ff;\"><strong>PREDUVJET ZA UPIS<\/strong><\/span><\/p>\n<ul>\n<li>polo\u017eena dr\u017eavna matura i\/ili<\/li>\n<li>polo\u017eeni prijemni ispit*\u00a0 (kandidati koji nemaju DM direktno izlaze na prijemni ispit)<\/li>\n<\/ul>\n<p>*svi\u00a0kandidati\u00a0moraju imati\u00a0polo\u017eeni\u00a0prijemni\u00a0ispit\u00a0za\u00a0upis.<\/p>\n<p><span style=\"color: #0000ff;\"><strong>PRIJAVA NA STUDIJ\u00a0<\/strong><\/span><\/p>\n<p>Putem\u00a0<a href=\"https:\/\/arhiva.libertas.hr\/upisi\/upisGl\">poveznice<\/a>\u00a0prijaviti se u interni\u00a0sustav\u00a0Sveu\u010dili\u0161ta.<\/p>\n<p><span style=\"color: #0000ff;\"><strong>PRIJEMNI ISPIT\u00a0<\/strong><\/span><\/p>\n<p>Prijemni ispit za sveu\u010dili\u0161ni studij\u00a0<em>Glume\u00a0<\/em>odr\u017eati<strong> 27. rujna u 12 sati u prostorijama Sveu\u010dili\u0161ta Libertas.<\/strong><\/p>\n<p>Za prijemni ispit potrebno je pripremiti 2 monologa i 2 pjesme po izboru.<\/p>\n<p><span style=\"color: #0000ff;\"><strong>UPISNI POSTUPAK<\/strong><\/span><\/p>\n<p>Kandidati\u00a0koji\u00a0su\u00a0uspje\u0161no\u00a0polo\u017eili prijemni\u00a0ispit\u00a0pristupaju\u00a0postupku upisa\u00a0na\u00a0Studentsku referadu.<\/p>\n<p><span style=\"color: #0000ff;\"><strong>\u0160KOLARINA<\/strong><\/span><\/p>\n<p>Cijena\u00a0\u0161kolarine: 50.000\u00a0kuna<\/p>\n<ul>\n<li>TRAJANJE: 3 godine<\/li>\n<li>RAZINA: preddiplomska<\/li>\n<li>TITULA:univ. bacc. art.<\/li>\n<\/ul>\n<p>&nbsp;<\/p>\n<p><img fetchpriority=\"high\" decoding=\"async\" class=\"aligncenter size-full wp-image-11086\" src=\"https:\/\/www.libertas.hr\/wp-content\/uploads\/2019\/09\/pexels-photo-713149.jpeg\" alt=\"\" width=\"1733\" height=\"1300\" \/><\/p>\n<\/div>\n","protected":false},"excerpt":{"rendered":"<p>Za mene biti glumac zna\u010di, biti dobrovoljni polaznik jedne \u0161kole koja se zove kazali\u0161te \u010diji sam odu\u0161evljeni polaznik, istra\u017eiva\u010d i pripadnik i danas. Nadam se da tu \u0161kolu nikada ne\u0107u zavr\u0161iti pa i po cijenu da me zbog toga proglase lo\u0161im u\u010denikom. Pridru\u017eite mi se i prona\u0111imo putem umjetnosti sebe. izv.prof.art. Branka Cvitkovi\u0107, dekanica Libertas [&hellip;]<\/p>\n","protected":false},"author":5,"featured_media":15988,"comment_status":"closed","ping_status":"open","sticky":false,"template":"","format":"standard","meta":{"footnotes":""},"categories":[23,24],"tags":[],"class_list":["post-15990","post","type-post","status-publish","format-standard","has-post-thumbnail","hentry","category-dogadanja","category-novosti"],"_links":{"self":[{"href":"https:\/\/www.libertas.hr\/en\/wp-json\/wp\/v2\/posts\/15990","targetHints":{"allow":["GET"]}}],"collection":[{"href":"https:\/\/www.libertas.hr\/en\/wp-json\/wp\/v2\/posts"}],"about":[{"href":"https:\/\/www.libertas.hr\/en\/wp-json\/wp\/v2\/types\/post"}],"author":[{"embeddable":true,"href":"https:\/\/www.libertas.hr\/en\/wp-json\/wp\/v2\/users\/5"}],"replies":[{"embeddable":true,"href":"https:\/\/www.libertas.hr\/en\/wp-json\/wp\/v2\/comments?post=15990"}],"version-history":[{"count":0,"href":"https:\/\/www.libertas.hr\/en\/wp-json\/wp\/v2\/posts\/15990\/revisions"}],"wp:featuredmedia":[{"embeddable":true,"href":"https:\/\/www.libertas.hr\/en\/wp-json\/wp\/v2\/media\/15988"}],"wp:attachment":[{"href":"https:\/\/www.libertas.hr\/en\/wp-json\/wp\/v2\/media?parent=15990"}],"wp:term":[{"taxonomy":"category","embeddable":true,"href":"https:\/\/www.libertas.hr\/en\/wp-json\/wp\/v2\/categories?post=15990"},{"taxonomy":"post_tag","embeddable":true,"href":"https:\/\/www.libertas.hr\/en\/wp-json\/wp\/v2\/tags?post=15990"}],"curies":[{"name":"wp","href":"https:\/\/api.w.org\/{rel}","templated":true}]}}