{"id":15976,"date":"2019-09-19T08:00:01","date_gmt":"2019-09-19T08:00:01","guid":{"rendered":"https:\/\/www.libertas.hr\/uncategorized-hr\/sastanak-profesora-pred-pocetak-nove-akademske-godine\/"},"modified":"2019-09-19T08:00:01","modified_gmt":"2019-09-19T08:00:01","slug":"sastanak-profesora-pred-pocetak-nove-akademske-godine","status":"publish","type":"post","link":"https:\/\/www.libertas.hr\/en\/novosti\/sastanak-profesora-pred-pocetak-nove-akademske-godine\/","title":{"rendered":"Sastanak profesora pred po\u010detak nove akademske godine"},"content":{"rendered":"<p>U srijedu, 18. rujna 2019. godine odr\u017ean je sastanak svih profesora Sveu\u010dili\u0161ta Libertas koji u\u010destvuju u izvo\u0111enju nastave u zimskom semestru akademske godine 2019.\/2020.. Rektor prof. dr. sc. Du\u0161ko Pavlovi\u0107 informirao je profesore o trenutnom stanju na Sveu\u010dili\u0161tu, o dobrim rezultatima upisa u novu akademsku godinu, te daljnjim aktivnostima na unapre\u0111enju kvalitete nastavnog procesa.<\/p>\n<p><img fetchpriority=\"high\" decoding=\"async\" class=\"aligncenter size-full wp-image-11123\" src=\"https:\/\/www.libertas.hr\/wp-content\/uploads\/2019\/09\/IMG_8252.jpg\" alt=\"\" width=\"1024\" height=\"683\" \/><\/p>\n","protected":false},"excerpt":{"rendered":"<p>U srijedu, 18. rujna 2019. godine odr\u017ean je sastanak svih profesora Sveu\u010dili\u0161ta Libertas koji u\u010destvuju u izvo\u0111enju nastave u zimskom semestru akademske godine 2019.\/2020.. Rektor prof. dr. sc. Du\u0161ko Pavlovi\u0107 informirao je profesore o trenutnom stanju na Sveu\u010dili\u0161tu, o dobrim rezultatima upisa u novu akademsku godinu, te daljnjim aktivnostima na unapre\u0111enju kvalitete nastavnog procesa.<\/p>\n","protected":false},"author":5,"featured_media":15977,"comment_status":"closed","ping_status":"open","sticky":false,"template":"","format":"standard","meta":{"footnotes":""},"categories":[24],"tags":[],"class_list":["post-15976","post","type-post","status-publish","format-standard","has-post-thumbnail","hentry","category-novosti"],"_links":{"self":[{"href":"https:\/\/www.libertas.hr\/en\/wp-json\/wp\/v2\/posts\/15976","targetHints":{"allow":["GET"]}}],"collection":[{"href":"https:\/\/www.libertas.hr\/en\/wp-json\/wp\/v2\/posts"}],"about":[{"href":"https:\/\/www.libertas.hr\/en\/wp-json\/wp\/v2\/types\/post"}],"author":[{"embeddable":true,"href":"https:\/\/www.libertas.hr\/en\/wp-json\/wp\/v2\/users\/5"}],"replies":[{"embeddable":true,"href":"https:\/\/www.libertas.hr\/en\/wp-json\/wp\/v2\/comments?post=15976"}],"version-history":[{"count":0,"href":"https:\/\/www.libertas.hr\/en\/wp-json\/wp\/v2\/posts\/15976\/revisions"}],"wp:featuredmedia":[{"embeddable":true,"href":"https:\/\/www.libertas.hr\/en\/wp-json\/wp\/v2\/media\/15977"}],"wp:attachment":[{"href":"https:\/\/www.libertas.hr\/en\/wp-json\/wp\/v2\/media?parent=15976"}],"wp:term":[{"taxonomy":"category","embeddable":true,"href":"https:\/\/www.libertas.hr\/en\/wp-json\/wp\/v2\/categories?post=15976"},{"taxonomy":"post_tag","embeddable":true,"href":"https:\/\/www.libertas.hr\/en\/wp-json\/wp\/v2\/tags?post=15976"}],"curies":[{"name":"wp","href":"https:\/\/api.w.org\/{rel}","templated":true}]}}