{"id":15954,"date":"2019-09-11T07:06:09","date_gmt":"2019-09-11T07:06:09","guid":{"rendered":"https:\/\/www.libertas.hr\/uncategorized-hr\/pocetak-nove-akademske-godine-u-dubrovniku\/"},"modified":"2019-09-11T07:06:09","modified_gmt":"2019-09-11T07:06:09","slug":"pocetak-nove-akademske-godine-u-dubrovniku","status":"publish","type":"post","link":"https:\/\/www.libertas.hr\/en\/novosti\/pocetak-nove-akademske-godine-u-dubrovniku\/","title":{"rendered":"Po\u010detak nove akademske godine u Dubrovniku"},"content":{"rendered":"<p>Libertas me\u0111unarodno svu\u010dili\u0161te u Dubrovniku ovaj je tjedan zapo\u010delo sa novom akademskom godinom. Profesor Milan Peri\u0107 srda\u010dno je pozdravio sve nove studente koji su prepoznali Libertas me\u0111unarodno sveu\u010dili\u0161te kao mjesto na kojem \u0107e se obrazovati za svoje budu\u0107e karijere za\u017eeliv\u0161i im ugodan i uspje\u0161an po\u010detak akademske godine. Ove godine sveu\u010dili\u0161tu su se pridru\u017eili studenti iz Sjedinjenih ameri\u010dkih dr\u017eava, Jordana, Njema\u010dke i Filipina uz postoje\u0107e doma\u0107e studente te su time dodatno obogatili me\u0111unarodno okru\u017eenje prvog privatnog sveu\u010dili\u0161ta u Republici Hrvatskoj.<\/p>\n<p><img fetchpriority=\"high\" decoding=\"async\" class=\"aligncenter size-full wp-image-11060\" src=\"https:\/\/www.libertas.hr\/wp-content\/uploads\/2019\/09\/slika-scaled.jpg\" alt=\"\" width=\"5120\" height=\"2669\" \/><\/p>\n","protected":false},"excerpt":{"rendered":"<p>Libertas me\u0111unarodno svu\u010dili\u0161te u Dubrovniku ovaj je tjedan zapo\u010delo sa novom akademskom godinom. Profesor Milan Peri\u0107 srda\u010dno je pozdravio sve nove studente koji su prepoznali Libertas me\u0111unarodno sveu\u010dili\u0161te kao mjesto na kojem \u0107e se obrazovati za svoje budu\u0107e karijere za\u017eeliv\u0161i im ugodan i uspje\u0161an po\u010detak akademske godine. Ove godine sveu\u010dili\u0161tu su se pridru\u017eili studenti iz [&hellip;]<\/p>\n","protected":false},"author":5,"featured_media":15952,"comment_status":"closed","ping_status":"open","sticky":false,"template":"","format":"standard","meta":{"footnotes":""},"categories":[24],"tags":[],"class_list":["post-15954","post","type-post","status-publish","format-standard","has-post-thumbnail","hentry","category-novosti"],"_links":{"self":[{"href":"https:\/\/www.libertas.hr\/en\/wp-json\/wp\/v2\/posts\/15954","targetHints":{"allow":["GET"]}}],"collection":[{"href":"https:\/\/www.libertas.hr\/en\/wp-json\/wp\/v2\/posts"}],"about":[{"href":"https:\/\/www.libertas.hr\/en\/wp-json\/wp\/v2\/types\/post"}],"author":[{"embeddable":true,"href":"https:\/\/www.libertas.hr\/en\/wp-json\/wp\/v2\/users\/5"}],"replies":[{"embeddable":true,"href":"https:\/\/www.libertas.hr\/en\/wp-json\/wp\/v2\/comments?post=15954"}],"version-history":[{"count":0,"href":"https:\/\/www.libertas.hr\/en\/wp-json\/wp\/v2\/posts\/15954\/revisions"}],"wp:featuredmedia":[{"embeddable":true,"href":"https:\/\/www.libertas.hr\/en\/wp-json\/wp\/v2\/media\/15952"}],"wp:attachment":[{"href":"https:\/\/www.libertas.hr\/en\/wp-json\/wp\/v2\/media?parent=15954"}],"wp:term":[{"taxonomy":"category","embeddable":true,"href":"https:\/\/www.libertas.hr\/en\/wp-json\/wp\/v2\/categories?post=15954"},{"taxonomy":"post_tag","embeddable":true,"href":"https:\/\/www.libertas.hr\/en\/wp-json\/wp\/v2\/tags?post=15954"}],"curies":[{"name":"wp","href":"https:\/\/api.w.org\/{rel}","templated":true}]}}