{"id":15943,"date":"2019-08-28T12:33:15","date_gmt":"2019-08-28T12:33:15","guid":{"rendered":"https:\/\/www.libertas.hr\/uncategorized-hr\/predstavljanje-sveucilista-libertas-studentima-i-djelatnicima-vsmod-dag-hammarskjold\/"},"modified":"2019-08-28T12:33:15","modified_gmt":"2019-08-28T12:33:15","slug":"predstavljanje-sveucilista-libertas-studentima-i-djelatnicima-vsmod-dag-hammarskjold","status":"publish","type":"post","link":"https:\/\/www.libertas.hr\/en\/dogadanja\/predstavljanje-sveucilista-libertas-studentima-i-djelatnicima-vsmod-dag-hammarskjold\/","title":{"rendered":"Predstavljanje Sveu\u010dili\u0161ta Libertas studentima i djelatnicima V\u0160MOD Dag Hammarskj\u00f6ld"},"content":{"rendered":"<div>Danas je rektor na\u0161eg Sveu\u010dili\u0161ta <strong>prof. dr. sc. Du\u0161ko Pavlovi\u0107<\/strong> studentima, profesorima i djelatnicima Visoke \u0161kole za me\u0111unarodne odnose i diplomacije\u00a0Dag Hammarskj\u00f6ld predstavio Sveu\u010dili\u0161te Libertas. Uz rije\u010di dobrodo\u0161lice, prisutni su se upoznali sa svim karakteristikama studiranja i rada na Sveu\u010dili\u0161tu, te su uz rektora, imali priliku upoznati i prorektora, pro\u010delnika Poslovne \u0161kole Libertas, voditeljice Centra za karijere i Studente referade, te ostale osobe va\u017ene za studiranje i rad na Libertasu.<\/div>\n<div><\/div>\n<div><\/div>\n<div>Novim kolegicama i kolegama \u017eelimo uspje\u0161an po\u010detak nove akademske godine 2019.\/ 2020. !<\/div>\n<div><\/div>\n<div><\/div>\n<div>\n<div id='gallery-1' class='gallery galleryid-15943 gallery-columns-3 gallery-size-medium'><figure class='gallery-item'>\n\t\t\t<div class='gallery-icon landscape'>\n\t\t\t\t<a href='https:\/\/www.libertas.hr\/en\/kako-biti-bolji-u-komunikaciji-na-eventima-1-2\/'><img fetchpriority=\"high\" decoding=\"async\" width=\"300\" height=\"200\" src=\"https:\/\/www.libertas.hr\/wp-content\/uploads\/2017\/04\/kako-biti-bolji-u-komunikaciji-na-eventima-1-300x200.jpg\" class=\"attachment-medium size-medium\" alt=\"\" srcset=\"https:\/\/www.libertas.hr\/wp-content\/uploads\/2017\/04\/kako-biti-bolji-u-komunikaciji-na-eventima-1-300x200.jpg 300w, https:\/\/www.libertas.hr\/wp-content\/uploads\/2017\/04\/kako-biti-bolji-u-komunikaciji-na-eventima-1-1024x682.jpg 1024w, https:\/\/www.libertas.hr\/wp-content\/uploads\/2017\/04\/kako-biti-bolji-u-komunikaciji-na-eventima-1-768x512.jpg 768w, https:\/\/www.libertas.hr\/wp-content\/uploads\/2017\/04\/kako-biti-bolji-u-komunikaciji-na-eventima-1-1536x1024.jpg 1536w, https:\/\/www.libertas.hr\/wp-content\/uploads\/2017\/04\/kako-biti-bolji-u-komunikaciji-na-eventima-1.jpg 1688w\" sizes=\"(max-width: 300px) 100vw, 300px\" \/><\/a>\n\t\t\t<\/div><\/figure><figure class='gallery-item'>\n\t\t\t<div class='gallery-icon landscape'>\n\t\t\t\t<a href='https:\/\/www.libertas.hr\/en\/kako_izgraditi_mrezu_poznanstva_na_faksu_1-2\/'><img decoding=\"async\" width=\"300\" height=\"225\" src=\"https:\/\/www.libertas.hr\/wp-content\/uploads\/2023\/10\/kako_izgraditi_mrezu_poznanstva_na_faksu_1-300x225.jpeg\" class=\"attachment-medium size-medium\" alt=\"\" srcset=\"https:\/\/www.libertas.hr\/wp-content\/uploads\/2023\/10\/kako_izgraditi_mrezu_poznanstva_na_faksu_1-300x225.jpeg 300w, https:\/\/www.libertas.hr\/wp-content\/uploads\/2023\/10\/kako_izgraditi_mrezu_poznanstva_na_faksu_1-768x575.jpeg 768w, https:\/\/www.libertas.hr\/wp-content\/uploads\/2023\/10\/kako_izgraditi_mrezu_poznanstva_na_faksu_1.jpeg 800w\" sizes=\"(max-width: 300px) 100vw, 300px\" \/><\/a>\n\t\t\t<\/div><\/figure><figure class='gallery-item'>\n\t\t\t<div class='gallery-icon landscape'>\n\t\t\t\t<a href='https:\/\/www.libertas.hr\/en\/402165281_756742319826498_8272176063584141598_n-2\/'><img decoding=\"async\" width=\"300\" height=\"200\" src=\"https:\/\/www.libertas.hr\/wp-content\/uploads\/2023\/11\/402165281_756742319826498_8272176063584141598_n-300x200.jpeg\" class=\"attachment-medium size-medium\" alt=\"\" srcset=\"https:\/\/www.libertas.hr\/wp-content\/uploads\/2023\/11\/402165281_756742319826498_8272176063584141598_n-300x200.jpeg 300w, https:\/\/www.libertas.hr\/wp-content\/uploads\/2023\/11\/402165281_756742319826498_8272176063584141598_n-768x513.jpeg 768w, https:\/\/www.libertas.hr\/wp-content\/uploads\/2023\/11\/402165281_756742319826498_8272176063584141598_n.jpeg 800w\" sizes=\"(max-width: 300px) 100vw, 300px\" \/><\/a>\n\t\t\t<\/div><\/figure>\n\t\t<\/div>\n\n<\/div>\n","protected":false},"excerpt":{"rendered":"<p>Danas je rektor na\u0161eg Sveu\u010dili\u0161ta prof. dr. sc. Du\u0161ko Pavlovi\u0107 studentima, profesorima i djelatnicima Visoke \u0161kole za me\u0111unarodne odnose i diplomacije\u00a0Dag Hammarskj\u00f6ld predstavio Sveu\u010dili\u0161te Libertas. Uz rije\u010di dobrodo\u0161lice, prisutni su se upoznali sa svim karakteristikama studiranja i rada na Sveu\u010dili\u0161tu, te su uz rektora, imali priliku upoznati i prorektora, pro\u010delnika Poslovne \u0161kole Libertas, voditeljice Centra [&hellip;]<\/p>\n","protected":false},"author":5,"featured_media":15944,"comment_status":"closed","ping_status":"open","sticky":false,"template":"","format":"standard","meta":{"footnotes":""},"categories":[23,24],"tags":[],"class_list":["post-15943","post","type-post","status-publish","format-standard","has-post-thumbnail","hentry","category-dogadanja","category-novosti"],"_links":{"self":[{"href":"https:\/\/www.libertas.hr\/en\/wp-json\/wp\/v2\/posts\/15943","targetHints":{"allow":["GET"]}}],"collection":[{"href":"https:\/\/www.libertas.hr\/en\/wp-json\/wp\/v2\/posts"}],"about":[{"href":"https:\/\/www.libertas.hr\/en\/wp-json\/wp\/v2\/types\/post"}],"author":[{"embeddable":true,"href":"https:\/\/www.libertas.hr\/en\/wp-json\/wp\/v2\/users\/5"}],"replies":[{"embeddable":true,"href":"https:\/\/www.libertas.hr\/en\/wp-json\/wp\/v2\/comments?post=15943"}],"version-history":[{"count":0,"href":"https:\/\/www.libertas.hr\/en\/wp-json\/wp\/v2\/posts\/15943\/revisions"}],"wp:featuredmedia":[{"embeddable":true,"href":"https:\/\/www.libertas.hr\/en\/wp-json\/wp\/v2\/media\/15944"}],"wp:attachment":[{"href":"https:\/\/www.libertas.hr\/en\/wp-json\/wp\/v2\/media?parent=15943"}],"wp:term":[{"taxonomy":"category","embeddable":true,"href":"https:\/\/www.libertas.hr\/en\/wp-json\/wp\/v2\/categories?post=15943"},{"taxonomy":"post_tag","embeddable":true,"href":"https:\/\/www.libertas.hr\/en\/wp-json\/wp\/v2\/tags?post=15943"}],"curies":[{"name":"wp","href":"https:\/\/api.w.org\/{rel}","templated":true}]}}