{"id":15922,"date":"2019-08-07T16:59:53","date_gmt":"2019-08-07T16:59:53","guid":{"rendered":"https:\/\/www.libertas.hr\/uncategorized-hr\/vsmod-dag-hammarksjold-postaje-dio-sveucilista-libertas\/"},"modified":"2019-08-07T16:59:53","modified_gmt":"2019-08-07T16:59:53","slug":"vsmod-dag-hammarksjold-postaje-dio-sveucilista-libertas","status":"publish","type":"post","link":"https:\/\/www.libertas.hr\/en\/novosti\/vsmod-dag-hammarksjold-postaje-dio-sveucilista-libertas\/","title":{"rendered":"V\u0160MOD Dag Hammarksj\u00f6ld postaje dio Sveu\u010dili\u0161ta Libertas"},"content":{"rendered":"<h3 style=\"text-align: center;\">Visoka \u0161kola me\u0111unarodnih odnosa i diplomacije Dag Hammarskj\u00f6ld postala dio Sveu\u010dili\u0161ta Libertas<\/h3>\n<p>Dana 6. 8. 2019. predstavnici V\u0160MOD Dag Hammarksj\u00f6ld i Sveu\u010dili\u0161ta Libertas potpisali su ugovor na osnovi kojega \u0107e V\u0160MOD Dag Hammarksj\u00f6ld od ove jeseni postati dio Sveu\u010dili\u0161ta Libertas. Svi studenti i zaposlenici V\u0160MOD Dag Hammarksj\u00f6ld nastavit \u0107e studije i rad na Libertasu.<\/p>\n<p>&nbsp;<\/p>\n<p>\u010cestitamo i \u017eelimo puno uspjeha u budu\u0107em radu!<\/p>\n","protected":false},"excerpt":{"rendered":"<p>Visoka \u0161kola me\u0111unarodnih odnosa i diplomacije Dag Hammarskj\u00f6ld postala dio Sveu\u010dili\u0161ta Libertas Dana 6. 8. 2019. predstavnici V\u0160MOD Dag Hammarksj\u00f6ld i Sveu\u010dili\u0161ta Libertas potpisali su ugovor na osnovi kojega \u0107e V\u0160MOD Dag Hammarksj\u00f6ld od ove jeseni postati dio Sveu\u010dili\u0161ta Libertas. Svi studenti i zaposlenici V\u0160MOD Dag Hammarksj\u00f6ld nastavit \u0107e studije i rad na Libertasu. &nbsp; [&hellip;]<\/p>\n","protected":false},"author":5,"featured_media":15923,"comment_status":"closed","ping_status":"open","sticky":false,"template":"","format":"standard","meta":{"footnotes":""},"categories":[24],"tags":[],"class_list":["post-15922","post","type-post","status-publish","format-standard","has-post-thumbnail","hentry","category-novosti"],"_links":{"self":[{"href":"https:\/\/www.libertas.hr\/en\/wp-json\/wp\/v2\/posts\/15922","targetHints":{"allow":["GET"]}}],"collection":[{"href":"https:\/\/www.libertas.hr\/en\/wp-json\/wp\/v2\/posts"}],"about":[{"href":"https:\/\/www.libertas.hr\/en\/wp-json\/wp\/v2\/types\/post"}],"author":[{"embeddable":true,"href":"https:\/\/www.libertas.hr\/en\/wp-json\/wp\/v2\/users\/5"}],"replies":[{"embeddable":true,"href":"https:\/\/www.libertas.hr\/en\/wp-json\/wp\/v2\/comments?post=15922"}],"version-history":[{"count":0,"href":"https:\/\/www.libertas.hr\/en\/wp-json\/wp\/v2\/posts\/15922\/revisions"}],"wp:featuredmedia":[{"embeddable":true,"href":"https:\/\/www.libertas.hr\/en\/wp-json\/wp\/v2\/media\/15923"}],"wp:attachment":[{"href":"https:\/\/www.libertas.hr\/en\/wp-json\/wp\/v2\/media?parent=15922"}],"wp:term":[{"taxonomy":"category","embeddable":true,"href":"https:\/\/www.libertas.hr\/en\/wp-json\/wp\/v2\/categories?post=15922"},{"taxonomy":"post_tag","embeddable":true,"href":"https:\/\/www.libertas.hr\/en\/wp-json\/wp\/v2\/tags?post=15922"}],"curies":[{"name":"wp","href":"https:\/\/api.w.org\/{rel}","templated":true}]}}