{"id":15814,"date":"2019-07-14T10:33:59","date_gmt":"2019-07-14T10:33:59","guid":{"rendered":"https:\/\/www.libertas.hr\/uncategorized-hr\/prof-emeritus-ana-stavljenic-rukavina-dr-sc-primila-nagradu-za-zivotno-djelo\/"},"modified":"2019-07-14T10:33:59","modified_gmt":"2019-07-14T10:33:59","slug":"prof-emeritus-ana-stavljenic-rukavina-dr-sc-primila-nagradu-za-zivotno-djelo","status":"publish","type":"post","link":"https:\/\/www.libertas.hr\/en\/dogadanja\/prof-emeritus-ana-stavljenic-rukavina-dr-sc-primila-nagradu-za-zivotno-djelo\/","title":{"rendered":"Prof. emeritus Ana Stavljeni\u0107 &#8211; Rukavina, dr. sc. primila nagradu za \u017eivotno djelo"},"content":{"rendered":"<div><img fetchpriority=\"high\" decoding=\"async\" class=\"aligncenter size-full wp-image-9829\" src=\"https:\/\/www.libertas.hr\/wp-content\/uploads\/2019\/06\/HKMB-logo-380x86@2x.png\" alt=\"\" width=\"760\" height=\"172\" \/><\/div>\n<div><img decoding=\"async\" class=\"alignleft wp-image-9831 size-medium\" src=\"https:\/\/www.libertas.hr\/wp-content\/uploads\/2019\/06\/Ana-Stavljenic-Rukavina-246x300-1.jpg\" alt=\"\" width=\"246\" height=\"300\" \/><\/div>\n<div>Prof. emeritus Ana Stavljeni\u0107-Rukavina primila je nagradu za \u017eivotno djelo koje joj je dodijeljeno od strane Hrvatske komore medicinskih biokemi\u010dara. Nagradu je primila kao priznanje za izniman trud ulo\u017een u rad Komore od osnivanja pa sve do danas. Prof.Stavljeni\u0107-Rukavina jedna je od osniva\u010da Hrvatske komore medicinskih biotehni\u010dara, te je obna\u0161ala funkciju predsjednice komore \u010dak tri mandata. Tijekom svog rada u Komori, sudjelovala je u dono\u0161enju Zakona o medicinskoj biokemijskoj djelatnosti, koji se ve\u017ee na Zakon o zdravstvenoj za\u0161titi.<br \/>\nU razdoblju od 12 godina, pokrenula je brojne te\u010dajeve i trajne edukacije vezane za uspostavljanje elemenata sustava kvalitete u medicinskim i biokemijskim laboratorijima, te vr\u0161ila pripreme za reakreditaciju. Tako\u0111er, podr\u017eavala je stru\u010dne prakse temeljene na znanstvenim dokazima za dijagnosti\u010dku djelatnost.<br \/>\n\u010cestitamo na\u0161oj profesorici na ovom zna\u010dajnom priznanju!<i><br \/>\n<\/i><\/div>\n<div><\/div>\n<div><\/div>\n","protected":false},"excerpt":{"rendered":"<p>Prof. emeritus Ana Stavljeni\u0107-Rukavina primila je nagradu za \u017eivotno djelo koje joj je dodijeljeno od strane Hrvatske komore medicinskih biokemi\u010dara. Nagradu je primila kao priznanje za izniman trud ulo\u017een u rad Komore od osnivanja pa sve do danas. Prof.Stavljeni\u0107-Rukavina jedna je od osniva\u010da Hrvatske komore medicinskih biotehni\u010dara, te je obna\u0161ala funkciju predsjednice komore \u010dak tri [&hellip;]<\/p>\n","protected":false},"author":5,"featured_media":15815,"comment_status":"closed","ping_status":"open","sticky":false,"template":"","format":"standard","meta":{"footnotes":""},"categories":[23,24],"tags":[],"class_list":["post-15814","post","type-post","status-publish","format-standard","has-post-thumbnail","hentry","category-dogadanja","category-novosti"],"_links":{"self":[{"href":"https:\/\/www.libertas.hr\/en\/wp-json\/wp\/v2\/posts\/15814","targetHints":{"allow":["GET"]}}],"collection":[{"href":"https:\/\/www.libertas.hr\/en\/wp-json\/wp\/v2\/posts"}],"about":[{"href":"https:\/\/www.libertas.hr\/en\/wp-json\/wp\/v2\/types\/post"}],"author":[{"embeddable":true,"href":"https:\/\/www.libertas.hr\/en\/wp-json\/wp\/v2\/users\/5"}],"replies":[{"embeddable":true,"href":"https:\/\/www.libertas.hr\/en\/wp-json\/wp\/v2\/comments?post=15814"}],"version-history":[{"count":0,"href":"https:\/\/www.libertas.hr\/en\/wp-json\/wp\/v2\/posts\/15814\/revisions"}],"wp:featuredmedia":[{"embeddable":true,"href":"https:\/\/www.libertas.hr\/en\/wp-json\/wp\/v2\/media\/15815"}],"wp:attachment":[{"href":"https:\/\/www.libertas.hr\/en\/wp-json\/wp\/v2\/media?parent=15814"}],"wp:term":[{"taxonomy":"category","embeddable":true,"href":"https:\/\/www.libertas.hr\/en\/wp-json\/wp\/v2\/categories?post=15814"},{"taxonomy":"post_tag","embeddable":true,"href":"https:\/\/www.libertas.hr\/en\/wp-json\/wp\/v2\/tags?post=15814"}],"curies":[{"name":"wp","href":"https:\/\/api.w.org\/{rel}","templated":true}]}}