{"id":15775,"date":"2019-03-14T07:28:07","date_gmt":"2019-03-14T07:28:07","guid":{"rendered":"https:\/\/www.libertas.hr\/uncategorized-hr\/potpisan-sporazum-o-suradnji-s-ekonomskim-fakultetom-u-osijeku\/"},"modified":"2019-03-14T07:28:07","modified_gmt":"2019-03-14T07:28:07","slug":"potpisan-sporazum-o-suradnji-s-ekonomskim-fakultetom-u-osijeku","status":"publish","type":"post","link":"https:\/\/www.libertas.hr\/en\/novosti\/potpisan-sporazum-o-suradnji-s-ekonomskim-fakultetom-u-osijeku\/","title":{"rendered":"Potpisan Sporazum o suradnji s Ekonomskim fakultetom u Osijeku"},"content":{"rendered":"<p>Rektor Sveu\u010dili\u0161ta Libertas prof. dr. sc. Du\u0161ko Pavlovi\u0107 s dekanom Ekonomskog fakulteta u Osijeku, izv. prof. dr. sc. Borisom Crnkovi\u0107em, potpisao je Sporazum o suradnji kojim je definirana razmjena profesora i studenata dviju visoko\u0161kolskih institucija, mogu\u0107nost organiziranja zajedni\u010dkih studijskih programa te organizaciju zajedni\u010dkih konferencija i drugih skupova.<\/p>\n<p><img fetchpriority=\"high\" decoding=\"async\" class=\"alignnone size-full wp-image-7720\" src=\"https:\/\/www.libertas.hr\/wp-content\/uploads\/2019\/03\/IMG_7821.jpg\" alt=\"\" width=\"1024\" height=\"683\" \/><\/p>\n<p><img decoding=\"async\" class=\"alignnone size-full wp-image-7722\" src=\"https:\/\/www.libertas.hr\/wp-content\/uploads\/2019\/03\/IMG_7831.jpg\" alt=\"\" width=\"1024\" height=\"683\" \/><\/p>\n","protected":false},"excerpt":{"rendered":"<p>Rektor Sveu\u010dili\u0161ta Libertas prof. dr. sc. Du\u0161ko Pavlovi\u0107 s dekanom Ekonomskog fakulteta u Osijeku, izv. prof. dr. sc. Borisom Crnkovi\u0107em, potpisao je Sporazum o suradnji kojim je definirana razmjena profesora i studenata dviju visoko\u0161kolskih institucija, mogu\u0107nost organiziranja zajedni\u010dkih studijskih programa te organizaciju zajedni\u010dkih konferencija i drugih skupova.<\/p>\n","protected":false},"author":5,"featured_media":15773,"comment_status":"closed","ping_status":"open","sticky":false,"template":"","format":"standard","meta":{"footnotes":""},"categories":[24],"tags":[],"class_list":["post-15775","post","type-post","status-publish","format-standard","has-post-thumbnail","hentry","category-novosti"],"_links":{"self":[{"href":"https:\/\/www.libertas.hr\/en\/wp-json\/wp\/v2\/posts\/15775","targetHints":{"allow":["GET"]}}],"collection":[{"href":"https:\/\/www.libertas.hr\/en\/wp-json\/wp\/v2\/posts"}],"about":[{"href":"https:\/\/www.libertas.hr\/en\/wp-json\/wp\/v2\/types\/post"}],"author":[{"embeddable":true,"href":"https:\/\/www.libertas.hr\/en\/wp-json\/wp\/v2\/users\/5"}],"replies":[{"embeddable":true,"href":"https:\/\/www.libertas.hr\/en\/wp-json\/wp\/v2\/comments?post=15775"}],"version-history":[{"count":0,"href":"https:\/\/www.libertas.hr\/en\/wp-json\/wp\/v2\/posts\/15775\/revisions"}],"wp:featuredmedia":[{"embeddable":true,"href":"https:\/\/www.libertas.hr\/en\/wp-json\/wp\/v2\/media\/15773"}],"wp:attachment":[{"href":"https:\/\/www.libertas.hr\/en\/wp-json\/wp\/v2\/media?parent=15775"}],"wp:term":[{"taxonomy":"category","embeddable":true,"href":"https:\/\/www.libertas.hr\/en\/wp-json\/wp\/v2\/categories?post=15775"},{"taxonomy":"post_tag","embeddable":true,"href":"https:\/\/www.libertas.hr\/en\/wp-json\/wp\/v2\/tags?post=15775"}],"curies":[{"name":"wp","href":"https:\/\/api.w.org\/{rel}","templated":true}]}}