{"id":15745,"date":"2019-03-22T11:16:20","date_gmt":"2019-03-22T11:16:20","guid":{"rendered":"https:\/\/www.libertas.hr\/uncategorized-hr\/svecane-promocije-diplomanata-sveucilista-libertas\/"},"modified":"2019-03-22T11:16:20","modified_gmt":"2019-03-22T11:16:20","slug":"svecane-promocije-diplomanata-sveucilista-libertas","status":"publish","type":"post","link":"https:\/\/www.libertas.hr\/en\/nasih-15\/svecane-promocije-diplomanata-sveucilista-libertas\/","title":{"rendered":"Sve\u010dane promocije diplomanata Sveu\u010dili\u0161ta Libertas"},"content":{"rendered":"<p><span style=\"font-weight: 400;\">U posljednjih 15 godina, Libertas me\u0111unarodno sveu\u010dili\u0161te odr\u017ealo je mnogobrojne sve\u010dane promocije diplomanata stru\u010dnih i sveu\u010dili\u0161nih preddiplomskih, specijalisti\u010dkih i magistarskih studija u Zagrebu, Dubrovniku i Kutini. <\/span><span style=\"font-weight: 400;\">Ovaj va\u017ean dan u \u017eivotima mladih, ambicioznih, poslovnih i stru\u010dnih pojedinaca bitna je stavka u osobnom dostignu\u0107u i budu\u0107oj karijeri. Sve\u010dana dodjela diploma uvijek izaziva bujicu emocija, \u0161to kod slavljenika, \u0161to kod njihovih najbli\u017eih. <\/span><span style=\"font-weight: 400;\">S obzirom da vrijeme u kojem \u017eivimo zahtijeva kontinuiran rad na osobnom razvoju i poslovnom usavr\u0161avanju, ste\u010dene diplome nikako ne smiju ozna\u010davati vrhunac uspjeha u \u017eivotima na\u0161ih studenata, ve\u0107 novi po\u010detak u sljede\u0107oj fazi rasta i razvoja.<\/span><\/p>\n<p><span style=\"color: #0000ff;\"><strong>16.prosinca 2005. Zagreb<\/strong><\/span><\/p>\n<p>U petak, 16. prosinca u 12.oo sati, u Velikoj dvorani Visoke poslovne \u0161kole Libertas u Zagrebu promovirali smo prvu generaciju diplomiranih studenata &#8211; stru\u010dnih prvostupnika \/ prvostupnica poslovne ekonomije.<\/p>\n<p><img fetchpriority=\"high\" decoding=\"async\" class=\"aligncenter wp-image-8160 size-full\" src=\"https:\/\/www.libertas.hr\/wp-content\/uploads\/2019\/03\/svecana_promocija_2005.jpg\" alt=\"\" width=\"500\" height=\"333\" \/><strong><span style=\"color: #0000ff;\">24.studenog 2006. Zagreb<\/span><\/strong><\/p>\n<p>Visoka poslovna \u0161kola Libertas sve\u010dano obilje\u017eila tre\u0107u godinu svog postojanja sve\u010danom promocijom druge generacije baccalaureata i dodjelom dekanove nagrade za postignut uspjeh tijekom studija u akademskoj godini 2006\/07.<\/p>\n<p><img decoding=\"async\" class=\"size-full wp-image-8162 aligncenter\" src=\"https:\/\/www.libertas.hr\/wp-content\/uploads\/2019\/03\/svecana_promocija_2006.jpg\" alt=\"\" width=\"600\" height=\"400\" \/><\/p>\n<p>&nbsp;<\/p>\n<p><strong><span style=\"color: #0000ff;\">30.studenog 2007. Zagreb<\/span><\/strong><\/p>\n<p>30. studenog 2007. godine, u Velikoj \u010ditaonici Hrvatskog dr\u017eavnog arhiva u Zagrebu odr\u017eana je promocija tre\u0107e generacije stru\u010dnih prvostupnica i prvostupnika poslovne ekonomije te su dodijeljena priznanja za izvanredne akademske rezultate u obliku dekanove nagrade najuspje\u0161nijim studenticama i studentima.<\/p>\n<p><img decoding=\"async\" class=\"size-full wp-image-8164 aligncenter\" src=\"https:\/\/www.libertas.hr\/wp-content\/uploads\/2019\/03\/promocija_2007.png\" alt=\"\" width=\"800\" height=\"1200\" \/><\/p>\n<p><strong><span style=\"color: #0000ff;\">02.prosinca 2008. Zagreb<\/span><\/strong><\/p>\n<p>Visoka poslovna \u0161kola Libertas u Velikoj \u010ditaonici Hrvatskog dr\u017eavnog arhiva u Zagrebu sve\u010dano je promovirana prva generacija diplomiranih stru\u010dnih specijalista\/specijalistica kao i \u010detvrta generacija stru\u010dnih prvostupnica\/ prvostupnika poslovne ekonomije, a dodijeljene su i dekanove nagrade najuspje\u0161nijim studentima koji su svojim radom i rezultatima pokazali da izvrsnost zna\u010di poticaj za nova postignu\u0107a u razvoju svakog mladog \u010dovjeka.<\/p>\n<p><img loading=\"lazy\" decoding=\"async\" class=\"size-full wp-image-8166 aligncenter\" src=\"https:\/\/www.libertas.hr\/wp-content\/uploads\/2019\/03\/promocija_2008.png\" alt=\"\" width=\"800\" height=\"1200\" \/><\/p>\n<p><strong><span style=\"color: #0000ff;\">25.studenog 2009. Zagreb<\/span><\/strong><\/p>\n<p>Sve\u010dana promocija drugog nara\u0161taja diplomiranih stru\u010dnih specijalista\/specijalistica kao i petog nara\u0161taja stru\u010dnih prvostupnica\/ prvostupnika poslovne ekonomije. Uz tradicionalnu sve\u010danu promociju obilje\u017eena je i peta obljetnica po\u010detka rada Visoke poslovne \u0161kole Libertas te su dodijeljene su dekanove nagrade najuspje\u0161nijim studentima u akademskoj godini.<\/p>\n<p><img loading=\"lazy\" decoding=\"async\" class=\"size-full wp-image-8168 aligncenter\" src=\"https:\/\/www.libertas.hr\/wp-content\/uploads\/2019\/03\/promocija_2009.png\" alt=\"\" width=\"800\" height=\"1200\" \/><\/p>\n<p><span style=\"color: #0000ff;\"><strong>23.studenog 2010. Zagreb<\/strong><\/span><\/p>\n<p>Sve\u010dana promocija 139 Libertasovih prvostupnica i prvostupnika Poslovne ekonomije i 33 stru\u010dnih specijalistica\/ specijalista Menad\u017ementa bankarstva, osiguranja i financija i Menad\u017ementa unutarnje i me\u0111unarodne trgovine i dodjela Dekanove nagrada najboljim studentima.<\/p>\n<p><img loading=\"lazy\" decoding=\"async\" class=\"alignnone size-full wp-image-7679\" src=\"https:\/\/www.libertas.hr\/wp-content\/uploads\/2019\/03\/23.11.2010.-promocija-2-scaled.jpg\" alt=\"\" width=\"4256\" height=\"2832\" \/><\/p>\n<p><span style=\"color: #0000ff;\"><b>23.studenog 2011. Zagreb<\/b><\/span><\/p>\n<p><span style=\"font-weight: 400;\">SSve\u010dana promocija 139 stru\u010dnih prvostupnika\/ca Poslovne ekonomije i 42 stru\u010dnih specijalistica i specijalista Menad\u017ementa bankarstva, osiguranja i financija i Menad\u017ementa unutarnje i me\u0111unarodne trgovine i dodjela Dekanove nagrada najboljim studentima.<br \/>\n<\/span><\/p>\n<p><img loading=\"lazy\" decoding=\"async\" class=\"alignnone size-full wp-image-8172\" src=\"https:\/\/www.libertas.hr\/wp-content\/uploads\/2019\/03\/23.11.2010.-promocija-_1-1-scaled.jpg\" alt=\"\" width=\"4256\" height=\"2832\" \/><\/p>\n<p><span style=\"color: #0000ff;\"><b>11.lipnja 2012. Dubrovnik<\/b><\/span><\/p>\n<p>Promovirana prva generacija dubrova\u010dkih diplomanata preddiplomskih studija Me\u0111unarodni odnosi i diplomacija i Me\u0111unarodno poslovanje i ekonomija i diplomskog studija Me\u0111unarodni odnosi i diplomacija u Kazali\u0161tu Marina Dr\u017ei\u0107a. U sklopu sve\u010danosti dodijeljen je i prvi po\u010dasni doktorat gospodinu Robertu H. Benmoscheu, predsjedniku i izvr\u0161nom direktoru American International Group.<\/p>\n<p><img loading=\"lazy\" decoding=\"async\" class=\"alignnone size-full wp-image-8174\" src=\"https:\/\/www.libertas.hr\/wp-content\/uploads\/2019\/03\/Svecana_promocija_2012_Dubrovnik.jpg\" alt=\"\" width=\"960\" height=\"640\" \/><\/p>\n<p><span style=\"color: #0000ff;\"><b>28.studenog 2012. Zagreb<\/b><\/span><\/p>\n<p>Visoka poslovna \u0161kola Libertas promovirala je osmu generaciju stru\u010dnih prvostupnica i prvostupnika te time obilje\u017eila 8. godinu svoga rada. 29. studenog 2012. Visoka poslovna \u0161kola Libertas promovirala je, uz prvostupnike i petu generaciju specijalista i to stru\u010dnih specijalistica \/specijalista Menad\u017ementa unutarnje i me\u0111unarodne trgovine te Menad\u017ementa bankarstva, osiguranja i financija. Sve\u010danost su uveli\u010dali i predstavnici razli\u010ditih gospodarskih subjekata, diplomati u RH, \u010dlanovi Upravnog vije\u0107a kao i profesori.<\/p>\n<p><img loading=\"lazy\" decoding=\"async\" class=\"alignnone size-full wp-image-7683\" src=\"https:\/\/www.libertas.hr\/wp-content\/uploads\/2019\/03\/promocija-2012.jpg\" alt=\"\" width=\"1024\" height=\"681\" \/><\/p>\n<p><span style=\"color: #0000ff;\"><b>20.lipnja 2013. Zagreb<\/b><\/span><\/p>\n<p>Visoka poslovna \u0161kola Libertas promovirala je \u0161estu generaciju stru\u010dnih specijalistica\/specijalista Menad\u017ementa unutarnje i me\u0111unarodne trgovine te Menad\u017ementa bankarstva, osiguranja i financija.<\/p>\n<p><img loading=\"lazy\" decoding=\"async\" class=\"size-full wp-image-8170 aligncenter\" src=\"https:\/\/www.libertas.hr\/wp-content\/uploads\/2019\/03\/Svecana_promocija_2013_Zagreb.jpg\" alt=\"\" width=\"960\" height=\"639\" \/><\/p>\n<p><span style=\"color: #0000ff;\"><b>14.lipnja 2013. Dubrovnik<\/b><\/span><\/p>\n<p>Dubrovnik international university (DIU) organiziralo je sve\u010danu promociju za svoje diplomante u staroj jezgri grada Dubrovnika.<\/p>\n<p><img loading=\"lazy\" decoding=\"async\" class=\"alignnone size-full wp-image-8176\" src=\"https:\/\/www.libertas.hr\/wp-content\/uploads\/2019\/03\/Svecana_promocija_2013_Dubrovnik.jpg\" alt=\"\" width=\"960\" height=\"641\" \/><\/p>\n<p><span style=\"color: #0000ff;\"><b>12.studenog 2013. Kutina<\/b><\/span><\/p>\n<p>Odr\u017eana promocija prve generacije Liberta\u0161a koji su upisali i zavr\u0161ili dodiplomski studij Poslovne ekonomije VP\u0160 Libertas u Kutini. Prvi put u povijesti grada u Kutini su promovirani studenti koji su zavr\u0161ili studij u Kutini. Iz prve generacije od 120 studenata Poslovne ekonomije na VP\u0160 Libertas u Kutini koji su zapo\u010deli studij 2010. godine, 60 studenata je na Dan grada Kutine promovirano u Baccalaureus i Baccalaureus prvog stupnja Poslovne ekonomije!<\/p>\n<p><img loading=\"lazy\" decoding=\"async\" class=\"size-full wp-image-8178 aligncenter\" src=\"https:\/\/www.libertas.hr\/wp-content\/uploads\/2019\/03\/Svecana_promocija_2013_Kutina.jpg\" alt=\"\" width=\"900\" height=\"598\" \/><\/p>\n<p><span style=\"color: #0000ff;\"><b>20.studenog 2013. Zagreb<\/b><\/span><\/p>\n<p>U srijedu, 20. studenog, odr\u017eana je promocija vi\u0161e od 200 studenata koji su zavr\u0161ili preddiplomske i diplomske studije na Visokoj poslovnoj \u0161koli Libertas u Zagrebu u akademskoj godini 2012.\/2013.<\/p>\n<p><img loading=\"lazy\" decoding=\"async\" class=\"size-full wp-image-8180 aligncenter\" src=\"https:\/\/www.libertas.hr\/wp-content\/uploads\/2019\/03\/Svecana_promocija_2013_Zagreb-2.jpg\" alt=\"\" width=\"960\" height=\"639\" \/><\/p>\n<p><strong><span style=\"color: #0000ff;\">02.lipnja 2014. Dubrovnik<\/span><\/strong><\/p>\n<p>Sve\u010dana promocija tre\u0107e generacije studenata DIU Libertas u staroj jezgri grada Dubrovnika.<\/p>\n<p><img loading=\"lazy\" decoding=\"async\" class=\"alignnone size-full wp-image-8182\" src=\"https:\/\/www.libertas.hr\/wp-content\/uploads\/2019\/03\/Svecana_promocija_2014_Dubrovnik.jpg\" alt=\"\" width=\"2048\" height=\"1366\" \/><\/p>\n<p><strong><span style=\"color: #0000ff;\">12.studenog 2014. Kutina<\/span><\/strong><\/p>\n<p>2. studenog odr\u017eana je sve\u010dana promocija druge generacije stru\u010dnih prvostupnica i prvostupnika koji su zavr\u0161ili preddiplomski stru\u010dni studij Poslovne ekonomije u nastavnom centru Kutina.<\/p>\n<p><img loading=\"lazy\" decoding=\"async\" class=\"alignnone size-full wp-image-8184\" src=\"https:\/\/www.libertas.hr\/wp-content\/uploads\/2019\/03\/Svecana_promocija_2014_Kutina.jpg\" alt=\"\" width=\"1620\" height=\"1080\" \/><\/p>\n<p><span style=\"color: #0000ff;\"><b>24.-25.studenog 2014. Zagreb<\/b><\/span><\/p>\n<p>24. i 25. studenog u Zagrebu se odr\u017eala promocija prvostupnica i prvostupnika preddiplomskog stru\u010dnog studija Poslovne ekonomije i Turisti\u010dkog i hotelskog menad\u017ementa te stru\u010dnih specijalista Menad\u017ementa unutarnje i me\u0111unarodne trgovine i Menad\u017ementa bankarstva, osiguranja i financija te magistra Me\u0111unarodnih odnosa i diplomacije! U utorak 25. studenog odr\u017eana je sve\u010dana promocija magistara i magistrica me\u0111unarodnih odnosa i diplomacije koji su zavr\u0161ili diplomski studij na DIU Libertas Me\u0111unarodnom sveu\u010dili\u0161tu, a dodijeljen je i po\u010dasni doktorat.<\/p>\n<p><img loading=\"lazy\" decoding=\"async\" class=\"size-full wp-image-7691 aligncenter\" src=\"https:\/\/www.libertas.hr\/wp-content\/uploads\/2019\/03\/promocija-2014.jpg\" alt=\"\" width=\"960\" height=\"640\" \/><\/p>\n<p><strong><span style=\"color: #0000ff;\">28.svibnja 2015. Dubrovnik<\/span><\/strong><\/p>\n<p>\u010cetvrta generacija studenata DIU Libertas u Dubrovniku ponosno je zakora\u010dila u sve\u010dani klauster Dominikanskog samostana u Dubrovniku kako bi primila svoje diplome. DIU alumni po\u010dastili su jo\u0161 jednu grupu mladih i obrazovanih studenata koji \u0107e uskoro po\u010deti graditi svoje karijere u podru\u010dju me\u0111unarodnih odnosa i diplomacije i me\u0111unarodnog poslovanja.<\/p>\n<p><img loading=\"lazy\" decoding=\"async\" class=\"size-full wp-image-8186 aligncenter\" src=\"https:\/\/www.libertas.hr\/wp-content\/uploads\/2019\/03\/Svecana_promocija_2015_Dubrovnik.jpg\" alt=\"\" width=\"960\" height=\"913\" \/><\/p>\n<p><strong><span style=\"color: #0000ff;\">24. i 25.studenog 2015. Zagreb<\/span><\/strong><\/p>\n<p>24. i 25. studenog u Hrvatskom dr\u017eavnom arhivu su odr\u017eane promocije prvostupnica i prvostupnika preddiplomskog stru\u010dnog studija Poslovne ekonomije i Turisti\u010dkog i hotelskog menad\u017ementa te stru\u010dnih specijalista Menad\u017ementa unutarnje i me\u0111unarodne trgovine i Menad\u017ementa bankarstva, osiguranja i financija, ali i magistra Me\u0111unarodnih odnosa i diplomacije.<\/p>\n<p><img loading=\"lazy\" decoding=\"async\" class=\"alignnone size-full wp-image-7693\" src=\"https:\/\/www.libertas.hr\/wp-content\/uploads\/2019\/03\/promocija-2015-e1552475716957-scaled.jpg\" alt=\"\" width=\"3008\" height=\"4512\" \/><\/p>\n<p><strong><span style=\"color: #0000ff;\">31.svibnja 2016. Dubrovnik<\/span><\/strong><\/p>\n<p>31. svibnja 2016. godine okupili su se profesori, studenti i osoblje Libertas me\u0111unarodnog sveu\u010dili\u0161ta kako bi proslavili uspje\u0161an kraj jo\u0161 jedne akademske godine u klaustru Dominikanskog samostana u Dubrovniku. Gospodinu Davoru \u0110ivu Gjivoju dodijeljen je po\u010dasni doktorat kao priznanje za sve \u0161to je kroz \u017eivot u\u010dinio za na\u0161e sveu\u010dili\u0161te, svoj rodni grad Dubrovnik, ali i cijelu domovinu. Najuspje\u0161nijim studenticama preddiplomskog i diplomskog studija Me\u0111unarodnih odnosa i diplomacije diplome je uru\u010dio predsjednik Sveu\u010dili\u0161ta dr. sc. Du\u0161ko Pavlovi\u0107. Prof. emeritus Stjepan Krasi\u0107 dodijelio je Melady nagradu najuspje\u0161nijoj studentici preddiplomskog studija Mari Ka\u010di\u0107. \u010cestitke svim diplomantima i ovogodi\u0161njem laureatu!<\/p>\n<p><strong><span style=\"color: #0000ff;\">15.studenog 2016. Kutina<\/span><\/strong><\/p>\n<p>U utorak 15.11.2016. godine u Kutini promovirana je \u010detvrta generacija prvostupnika Poslovne ekonomije. Na sve\u010danosti kojoj su nazo\u010dili brojni roditelji i uzvanici iz Grada Kutine, na \u010delu s gradona\u010delnikom Kutine gospodinom Andrijom Rudi\u0107em, a studenti su primili svoje diplome iz ruku rektora prof. dr. sc. Du\u0161ka Pavlovi\u0107a. Posebnost ove promocije je i to \u0161to po prvi puta studenti iz Kutine primaju sveu\u010dili\u0161ne diplome po \u010demu je i Grad Kutina postao sveu\u010dili\u0161ni Grad \u0161to je istaknuto kao nova vrijednost za studente Sveu\u010dili\u0161ta Libertas, ali i Grad Kutinu.<\/p>\n<p><span style=\"font-weight: 400;\"><img loading=\"lazy\" decoding=\"async\" class=\"alignnone size-full wp-image-7695\" src=\"https:\/\/www.libertas.hr\/wp-content\/uploads\/2019\/03\/Kutina-Libertas-2016.jpg\" alt=\"\" width=\"1024\" height=\"662\" \/><\/span><\/p>\n<p><strong><span style=\"color: #0000ff;\">23. i 24.studenog 2016. Zagreb<\/span><\/strong><\/p>\n<p>23. i 24. studenog 2016. u Hrvatskom dr\u017eavnom arhivu odr\u017eana je sve\u010dana promocija studenata Sveu\u010dili\u0161ta Libertas. Promovirani su diplomanti preddiplomskih i diplomskih sveu\u010dili\u0161nih i stru\u010dnih studija te sveu\u010dili\u0161nog poslijediplomskog specijalisti\u010dkog studija. Drugog dana promocije dodijeljene su i rektorove nagrade najboljiim studentima za posebna dostignu\u0107a.<\/p>\n<p><img loading=\"lazy\" decoding=\"async\" class=\"alignnone size-full wp-image-7697\" src=\"https:\/\/www.libertas.hr\/wp-content\/uploads\/2019\/03\/24_vecer-promocija-Libertas-2016-rektorove-nagrade.jpg\" alt=\"\" width=\"1024\" height=\"682\" \/><\/p>\n<p><strong><span style=\"color: #0000ff;\">31.svibnja 2016. Dubrovnik<\/span><\/strong><\/p>\n<p>31. svibnja 2016. godine okupili su se profesori, studenti i osoblje Libertas me\u0111unarodnog sveu\u010dili\u0161ta kako bi proslavili uspje\u0161an kraj jo\u0161 jedne akademske godine u klaustru Dominikanskog samostana u Dubrovniku. Gospodinu Davoru \u0110ivu Gjivoju dodijeljen je po\u010dasni doktorat kao priznanje za sve \u0161to je kroz \u017eivot u\u010dinio za na\u0161e sveu\u010dili\u0161te, svoj rodni grad Dubrovnik, ali i cijelu domovinu. Najuspje\u0161nijim studenticama preddiplomskog i diplomskog studija Me\u0111unarodnih odnosa i diplomacije diplome je uru\u010dio predsjednik Sveu\u010dili\u0161ta dr. sc. Du\u0161ko Pavlovi\u0107. Prof. emeritus Stjepan Krasi\u0107 dodijelio je Melady nagradu najuspje\u0161nijoj studentici preddiplomskog studija Mari Ka\u010di\u0107.<\/p>\n<p><img loading=\"lazy\" decoding=\"async\" class=\"alignnone size-full wp-image-7699\" src=\"https:\/\/www.libertas.hr\/wp-content\/uploads\/2019\/03\/Dubrovnik-promocija-2016.jpg\" alt=\"\" width=\"999\" height=\"666\" \/><\/p>\n<p><span style=\"color: #0000ff;\"><b>15.studenog 2017. Kutina<\/b><\/span><\/p>\n<p><span style=\"font-weight: 400;\">U srijedu 15.11.2017. godine u Kutini promovirana je peta generacija prvostupnika Poslovne ekonomije. Na sve\u010danosti su nazo\u010dili brojni roditelji i uzvanici iz Grada Kutine, na \u010delu sa zamjenicom gradona\u010delnika Sonjom Repi\u0107. Diplome je studentima sve\u010dano uru\u010dio rektor sveu\u010dili\u0161ta prof. dr. sc. Du\u0161ko Pavlovi\u0107.<\/span><\/p>\n<p><img loading=\"lazy\" decoding=\"async\" class=\"alignnone size-full wp-image-7701\" src=\"https:\/\/www.libertas.hr\/wp-content\/uploads\/2019\/03\/Kutina-2017.-promocija-scaled.jpg\" alt=\"\" width=\"2944\" height=\"1965\" \/><\/p>\n<p><strong><span style=\"color: #0000ff;\">30.studenog i 01.prosinca 2017. Zagreb<\/span><\/strong><\/p>\n<p>0. studenog i 1. prosinca 2017. u Zagreba\u010dkom kazali\u0161tu mladih odr\u017eana je sve\u010dana promocija studenata Sveu\u010dili\u0161ta Libertas. Promovirani su diplomanti preddiplomskih i diplomskih sveu\u010dili\u0161nih i stru\u010dnih studija te sveu\u010dili\u0161nog poslijediplomskog specijalisti\u010dkog studija. Sve\u010danosti je vodio rektor Sveu\u010dili\u0161ta Libertas prof.dr.sc. Du\u0161ko Pavlovi\u0107, uz mr.sc. Zvonka Agi\u010di\u0107a, kao prvog promotora i doc.dr.sc. Ante Samodola kao drugog promotora. Drugog dana promocije dodijeljene su i rektorove nagrade studentima Dariu Tu\u0161eku za studenta generacije stru\u010dnih preddiplomskih studija, Adelini Dokman za studenticu generacije sveu\u010dili\u0161nih preddiplomskih studija, Kristijanu Jakopovi\u0107u za studenta generacije specijalisti\u010dkih studija, Moniki Mikulec za najbolji sveu\u010dili\u0161ni zavr\u0161ni rad, Adnanu Kulenovi\u0107u za najbolji stru\u010dni zavr\u0161ni rad, Vedranu Vukeli\u0107u za najbolji diplomski rad. Rektorovu nagradu za najbolji specijalisti\u010dki diplomski rad dobila je Smiljana Mi\u0161kulin Jurki\u0107.<\/p>\n<p><img loading=\"lazy\" decoding=\"async\" class=\"alignnone size-full wp-image-7703\" src=\"https:\/\/www.libertas.hr\/wp-content\/uploads\/2019\/03\/Zagreb-promocija-1.12.2017-scaled.jpg\" alt=\"\" width=\"4512\" height=\"3008\" \/><\/p>\n<p><strong><span style=\"color: #0000ff;\">05.lipnja 2018. Zagreb<\/span><\/strong><\/p>\n<p><span style=\"font-weight: 400;\">Odr\u017eana je sve\u010dana promocija diplomanata Sveu\u010dili\u0161ta Libertas, 05. lipnja 2018. u Zagreba\u010dkom kazali\u0161tu mladih. Pred oko 500 uzvanika, diplome je primilo 120 diplomiranih studenata Libertasovih preddiplomskih sveu\u010dili\u0161nih i stru\u010dnih studija te diplomskih specijalisti\u010dkih i magistarskih studija, a koji su diplomirali od zadnje promocije odr\u017eane u prosincu 2017. do svibnja 2018. godine. \u00a0Sve\u010danu promociju je otvorio rektor Sveu\u010dili\u0161ta prof. dr. sc. Du\u0161ko Pavlovi\u0107 koji je \u010destitao diplomantima na akademskim postignu\u0107ima i naglasio va\u017enost visokog obrazovanja i ste\u010denog znanja za budu\u0107e zaposlenje na izazovnom tr\u017ei\u0161tu rada.<\/span><\/p>\n<p>https:\/\/youtu.be\/6Bgloar496o<\/p>\n<p><strong><span style=\"color: #0000ff;\">30.studenog 2018. Zagreb<\/span><\/strong><\/p>\n<p>30. studenog 2018. odr\u017eana je sve\u010dana promocija diplomanata Sveu\u010dili\u0161ta Libertas u Zagreba\u010dkom kazali\u0161tu mladih. Pred gostima, prijateljima i obitelji, diplome je sve\u010dano primilo 200 diplomiranih studenata Libertasovih preddiplomskih sveu\u010dili\u0161nih i stru\u010dnih studija te diplomskih specijalisti\u010dkih i magistarskih studija, a koji su diplomirali od zadnje promocije odr\u017eane u lipnju 2018.godine.<br \/>\nSve\u010danu promociju je otvorio rektor Sveu\u010dili\u0161ta prof. dr. sc. Du\u0161ko Pavlovi\u0107 koji je \u010destitao diplomantima na akademskim postignu\u0107ima i naglasio va\u017enost visokog obrazovanja i ste\u010denog znanja za budu\u0107e zaposlenje na izazovnom tr\u017ei\u0161tu rada. S obzirom da je do ove promocije diplomirala i grupa studenata sveu\u010dili\u0161nog studija Gluma, prisutni su imali priliku u\u017eivati u izvedbenoj to\u010dki Libertasovih umjetnika. Tako\u0111er, sedam diplomanata sve\u010dano je primilo Rektorovu nagradu, a po\u010dasni doktorat predan je rektorici Sveu\u010dili\u0161ta u Zadru prof.dr.sc.Dijani Vican za predan rad te doprinos znanosti i suradnji Sveu\u010dili\u0161ta Libertas sa Sveu\u010dili\u0161tem u Zadru.<\/p>\n<p><iframe title=\"Sve\u010dana promocija studenata Sveu\u010dili\u0161ta Libertas u Zagrebu - 30. studeni 2018.\" width=\"800\" height=\"450\" src=\"https:\/\/www.youtube.com\/embed\/Wd9Y-4BBhms?feature=oembed\" frameborder=\"0\" allow=\"accelerometer; autoplay; clipboard-write; encrypted-media; gyroscope; picture-in-picture; web-share\" referrerpolicy=\"strict-origin-when-cross-origin\" allowfullscreen><\/iframe><\/p>\n<p><strong><span style=\"color: #0000ff;\">12.12.2018. Dubrovnik<\/span><\/strong><\/p>\n<p>12.prosinca 2018. godine u kongresnoj dvorani hotela Excelsior u Dubrovniku diplome su sve\u010dano primili diplomanti preddiplomskih studija Sveu\u010dili\u0161ta Libertas. Rektor Sveu\u010dili\u0161ta Libertas prof.dr.sc. Du\u0161ko Pavlovi\u0107 odr\u017eao je kratki govor u kojem je naglasio va\u017enost obrazovanja i cjelo\u017eivotnog u\u010denja, te potaknuo diplomante na nastavak procesa obrazovanja i nakon stjecanja diplome. Pro\u010delnik UO za obrazovanje, \u0161port, socijalnu skrb i civilno dru\u0161tvo \u0110ivo Br\u010di\u0107 tako\u0111er je uputio \u010destitke diplomantima i njihovim obiteljima, te im po\u017eelio jo\u0161 barem jednu dodjelu diploma.<\/p>\n<p><img loading=\"lazy\" decoding=\"async\" class=\"alignnone size-full wp-image-6843\" src=\"https:\/\/www.libertas.hr\/wp-content\/uploads\/2018\/12\/IMG_0148.jpg\" alt=\"\" width=\"1024\" height=\"683\" \/><\/p>\n","protected":false},"excerpt":{"rendered":"<p>U posljednjih 15 godina, Libertas me\u0111unarodno sveu\u010dili\u0161te odr\u017ealo je mnogobrojne sve\u010dane promocije diplomanata stru\u010dnih i sveu\u010dili\u0161nih preddiplomskih, specijalisti\u010dkih i magistarskih studija u Zagrebu, Dubrovniku i Kutini. Ovaj va\u017ean dan u \u017eivotima mladih, ambicioznih, poslovnih i stru\u010dnih pojedinaca bitna je stavka u osobnom dostignu\u0107u i budu\u0107oj karijeri. Sve\u010dana dodjela diploma uvijek izaziva bujicu emocija, \u0161to kod [&hellip;]<\/p>\n","protected":false},"author":5,"featured_media":15746,"comment_status":"closed","ping_status":"open","sticky":false,"template":"","format":"standard","meta":{"footnotes":""},"categories":[34],"tags":[],"class_list":["post-15745","post","type-post","status-publish","format-standard","has-post-thumbnail","hentry","category-nasih-15"],"_links":{"self":[{"href":"https:\/\/www.libertas.hr\/en\/wp-json\/wp\/v2\/posts\/15745","targetHints":{"allow":["GET"]}}],"collection":[{"href":"https:\/\/www.libertas.hr\/en\/wp-json\/wp\/v2\/posts"}],"about":[{"href":"https:\/\/www.libertas.hr\/en\/wp-json\/wp\/v2\/types\/post"}],"author":[{"embeddable":true,"href":"https:\/\/www.libertas.hr\/en\/wp-json\/wp\/v2\/users\/5"}],"replies":[{"embeddable":true,"href":"https:\/\/www.libertas.hr\/en\/wp-json\/wp\/v2\/comments?post=15745"}],"version-history":[{"count":0,"href":"https:\/\/www.libertas.hr\/en\/wp-json\/wp\/v2\/posts\/15745\/revisions"}],"wp:featuredmedia":[{"embeddable":true,"href":"https:\/\/www.libertas.hr\/en\/wp-json\/wp\/v2\/media\/15746"}],"wp:attachment":[{"href":"https:\/\/www.libertas.hr\/en\/wp-json\/wp\/v2\/media?parent=15745"}],"wp:term":[{"taxonomy":"category","embeddable":true,"href":"https:\/\/www.libertas.hr\/en\/wp-json\/wp\/v2\/categories?post=15745"},{"taxonomy":"post_tag","embeddable":true,"href":"https:\/\/www.libertas.hr\/en\/wp-json\/wp\/v2\/tags?post=15745"}],"curies":[{"name":"wp","href":"https:\/\/api.w.org\/{rel}","templated":true}]}}