{"id":15694,"date":"2019-03-22T15:00:51","date_gmt":"2019-03-22T15:00:51","guid":{"rendered":"https:\/\/www.libertas.hr\/uncategorized-hr\/dogadaji-koji-su-obiljezili-prvih-15-godina-djelovanja-sveucilista-libertas\/"},"modified":"2019-03-22T15:00:51","modified_gmt":"2019-03-22T15:00:51","slug":"dogadaji-koji-su-obiljezili-prvih-15-godina-djelovanja-sveucilista-libertas","status":"publish","type":"post","link":"https:\/\/www.libertas.hr\/en\/nasih-15\/dogadaji-koji-su-obiljezili-prvih-15-godina-djelovanja-sveucilista-libertas\/","title":{"rendered":"Doga\u0111aji koji su obilje\u017eili prvih 15 godina djelovanja Sveu\u010dili\u0161ta Libertas"},"content":{"rendered":"<p><span style=\"font-weight: 400;\">Zajednica Sveu\u010dili\u0161ta Libertas svake je godine sve ve\u0107a, a postignu\u0107a na\u0161ih studenata i profesora rastu iz semestra u semestar. Zato nam je i prvih 15 godina pro\u0161lo kao u trenu! Dok nove snage pristi\u017eu, trenutni studenti uspje\u0161no ispunjavaju svoje akademske obveze, a na\u0161i ponosni alumni i dalje aktivno pridonose radu Sveu\u010dili\u0161ta, sa zadovoljstvom se prisje\u0107amo svih doga\u0111aja koji su obilje\u017eili na\u0161ih prvih 15 godina djelovanja. <\/span><\/p>\n<h4><b><\/b><span style=\"color: #0000ff;\"><b>Od Visoke poslovne \u0161kole do Me\u0111unarodnog Sveu\u010dili\u0161ta<\/b><\/span><\/h4>\n<p><span style=\"font-weight: 400;\">Osniva\u010d Libertasa mr. sc. Gojko Ostoji\u0107 priznati je gospodarstvenik i poduzetnik \u010dije je iskustvo u poslovnom svijetu bilo presudno za stvaranje dana\u0161njeg Sveu\u010dili\u0161ta. On je uvidio potrebu za stvaranjem visokog u\u010dili\u0161ta koje, za razliku od svih ostalih, naglasak stavlja na razvoj pojedinca i prakti\u010dnu primjenu njegovih znanja u trgovini, bankarstvu, financijama i osiguranju. Sama teorija jednostavno nije bila dovoljna za za uspjeh na kompetitivnom tr\u017ei\u0161tu. Zbog toga je 2004. godine osnovao Visoku poslovnu \u0161kolu Libertas, gdje je okupio najve\u0107e stru\u010dnjake iz navedenih podru\u010dja, koji od tada i danas svoje znanje prenose na suvremen i inovativan na\u010din, blizak studentu i usagla\u0161en s potrebama globalnog gospodarstva i ekonomije. <\/span><\/p>\n<p><img fetchpriority=\"high\" decoding=\"async\" class=\"alignnone size-full wp-image-7659\" src=\"https:\/\/www.libertas.hr\/wp-content\/uploads\/2019\/03\/2004_osnivanje.png\" alt=\"\" width=\"1200\" height=\"800\" \/><\/p>\n<p><span style=\"font-weight: 400;\">Malo je tko mogao predvidjeti ovakav uspjeh dana\u0161njeg Sveu\u010dili\u0161ta Libertas, no prof. emeritus dr. sc. Ivo Andrijani\u0107 jedan je od onih koji je od po\u010detka vjerovao u njegov potencijal. Upravo je on prije 15 godina napravio prvu studiju o nastavnom planu i programu Visoke poslovne \u0161kole Libertas, te 2004. godine postao njezin prvi dekan. <\/span><\/p>\n<figure id=\"attachment_7661\" aria-describedby=\"caption-attachment-7661\" style=\"width: 612px\" class=\"wp-caption aligncenter\"><img decoding=\"async\" class=\"size-full wp-image-7661\" src=\"https:\/\/www.libertas.hr\/wp-content\/uploads\/2019\/03\/2004_Ivo_Andrijanic.jpg\" alt=\"\" width=\"612\" height=\"408\" \/><figcaption id=\"caption-attachment-7661\" class=\"wp-caption-text\"><em>Prof. emeritus dr. sc. Ivo Andrijani\u0107, prvi dekan Visoke poslovne \u0161kole Libertas<\/em><\/figcaption><\/figure>\n<p><span style=\"font-weight: 400;\">Pet godina kasnije otvorena je i Visoka poslovna \u0161kola u Samoboru, zatim 2010. godine i u Kutini. U lipnju 2013. godine slijedi klju\u010dna promjena, potaknuta strate\u0161kim partnerstvom s Me\u0111unarodnim sveu\u010dili\u0161tem u Dubrovniku (DIU). Dvije institucije spajaju se u DIU Libertas me\u0111unarodno sveu\u010dili\u0161te, koje postaje prva i jedina privatna visokoobrazovna institucija u Hrvatskoj na kojoj je mogu\u0107e studirati na svim stru\u010dnim i sveu\u010dili\u0161nim razinama, uklju\u010duju\u0107i i doktorske studije. 2016. godine nastaje i dana\u0161nje Libertas me\u0111unarodno sveu\u010dili\u0161te, na \u010delu kojeg je rektor prof. dr. sc. Du\u0161ko Pavlovi\u0107. <\/span><\/p>\n<figure id=\"attachment_7663\" aria-describedby=\"caption-attachment-7663\" style=\"width: 577px\" class=\"wp-caption aligncenter\"><img decoding=\"async\" class=\"size-full wp-image-7663\" src=\"https:\/\/www.libertas.hr\/wp-content\/uploads\/2016\/05\/Pavlovic_novi_rektor_Sveucilista_2016.png\" alt=\"\" width=\"577\" height=\"493\" \/><figcaption id=\"caption-attachment-7663\" class=\"wp-caption-text\"><em>Prof. dr. sc. Du\u0161ko Pavlovi\u0107, rektor Sveu\u010dili\u0161ta Libertas od 2016. godine<\/em><\/figcaption><\/figure>\n<p><span style=\"font-weight: 400;\">Primarni princip Libertasa od po\u010detka je bio taj da se svakom studentu pristupa osobno, a veliku va\u017enost stavlja se na praksu i primjenu nau\u010denog. Zbog toga je 2017. u Zagrebu otvoren luksuzni hotel Le Premier. Smje\u0161ten u pala\u010di koju je 1923. godine izgradio hrvatski arhitekt Lav Kalda i koja nosi oznaku spomenika kulture, a studentima Libertasa daje priliku da iz prve ruke do\u017eive funkcioniranje svih dijelova poslovanja hotela s pet zvjezdica, te u njemu aktivno sudjeluju.<\/span><\/p>\n<h4><span style=\"color: #0000ff;\"><b>Klju\u010dne suradnje s visoko\u0161kolskim i znanstvenim institucijama<\/b><\/span><\/h4>\n<p><span style=\"font-weight: 400;\">Kako bi svojim studentima osiguralo poduku najboljih hrvatskih i svjetskih stru\u010dnjaka, Sveu\u010dili\u0161te Libertas ostvaruje bilateralne kontakte s drugim visoko\u0161kolskim ustanovama i institucijama, kako u Hrvatskoj, tako i u svijetu. Suradnja se ostvaruje kroz razmjenu studenata i predava\u010dkog osoblja, kao i zajedni\u010dki rad na dogovorenim temama, te zajedni\u010dke publikacije. Tako su 2016. godine potpisana tri takva sporazuma; s Hrvatskim olimpijskim odborom, Hrvatskom gospodarskom komorom i KB Dubrava. Sporazumom s KB Dubrava omogu\u0107eno je izvo\u0111enje preddiplomskog sveu\u010dili\u0161nog studija Fizioterapija uz pomo\u0107 ove medicinske ustanove, \u010dim je studij dobio dodatnu prakti\u010dnu komponentu.<\/span><\/p>\n<p><span style=\"font-weight: 400;\"><img loading=\"lazy\" decoding=\"async\" class=\"alignnone size-full wp-image-7665\" src=\"https:\/\/www.libertas.hr\/wp-content\/uploads\/2019\/03\/IMG_1097-scaled.jpg\" alt=\"\" width=\"6000\" height=\"4000\" \/><\/span><span style=\"font-weight: 400;\">2018. godine potpisan je i Sporazum o suradnji s \u010dasopisom Suvremena trgovina, kojim je definirana zajedni\u010dka aktivnost na pobolj\u0161anju znanja o zbivanjima u trgovinskoj djelatnosti u Hrvatskoj i inozemstvu. Tim Sporazumom Libertas je postao akademski pokrovitelj konferencija koje organizira Suvremena trgovina, uz aktivno sudjelovanje studenata i profesora diplomskog stru\u010dnog studija Menad\u017ement unutarnje i me\u0111unarodne trgovine. Iste godine dogovorena je i suradnja s Ekonomskim fakultetom, te je potpisan Tripartitni sporazum o suradnji s Nastavnim zavodom za javno zdravstvo \u201eDr. Andrija \u0160tampar\u201c i Agencijom za kvalitetu i akreditaciju u zdravstvu i socijalnoj skrbi. Njime se definira znanstvena i stru\u010dna suradnja u svrsi odr\u017eivog razvoja gerontolo\u0161ko-javnozdravstvene djelatnosti u Hrvatskoj, a uklju\u010duje brojna istra\u017eivanja, te objavljivanje znanstvenih i stru\u010dnih \u010dlanaka, te drugih aktivnosti u svrhu promicanja struke.<\/span><\/p>\n<h4><span style=\"color: #0000ff;\"><b>Podr\u0161ka gospodarskih institucija<\/b><\/span><\/h4>\n<p><b><\/b><b><\/b><span style=\"font-weight: 400;\">Svaki student se nakon zavr\u0161enog obrazovanja \u017eeli zaposliti u uspje\u0161noj kompaniji, a s takvima Sveu\u010dili\u0161te Libertas sura\u0111uje i tijekom \u0161kolovanja. Partneri koji iz prve ruke mogu pru\u017eiti uvid u prakti\u010dnu stranu poslovanja prate studente Libertasa kroz \u010ditavo visoko obrazovanje, a mnogi se kod istih i zaposle. Uspje\u0161nost ovakvog modela potvr\u0111uje i \u010dinjenica da se 95% studenata Libertasa zaposli odmah nakon zavr\u0161enog \u0161kolovanja. Privredna banka Zagreb, Bluesun hotels&amp;resorts, Hamag Bicro i Plinacro samo su neki od partnera \u010dija stru\u010dnost i iskustvo pru\u017ea dodatnu dimenziju obrazovanju na Sveu\u010dili\u0161tu Libertas. <\/span><span style=\"font-weight: 400;\"><br \/>\n<\/span><\/p>\n<h4><span style=\"color: #0000ff;\"><b>Razvoj i evolucija Libertasovih studijskih programa<\/b><\/span><\/h4>\n<p><b><\/b><b><\/b><span style=\"font-weight: 400;\">Prilikom svog osnivanja 2004. godine Visoka poslovna \u0161kola Libertas u ponudi je imala preddiplomski stru\u010dni studij Poslovne ekonomije, specijalisti\u010dki stru\u010dni studij Menad\u017ementa unutarnje i me\u0111unarodne trgovine, te Menad\u017ement financija, osiguranja i bankarstva. Osam godina kasnije otvara se i preddiplomski stru\u010dni studij Turisti\u010dkog i hotelskog menad\u017ementa, koji 2017. godine do\u017eivljava promjene koji doprinose njegovoj kvaliteti i \u0161irini obrazovanja. Uvedeno je vi\u0161e stru\u010dne prakse, te su uvedeni moduli izborom kojih studenti mogu usmjeriti svoje obrazovanje u \u017eeljenom smjeru. Iz istog je razloga izmijenjen i studij Menad\u017ement unutarnje i me\u0111unarodne trgovine, koji danas odgovara potrebama zahtjevnog tr\u017ei\u0161ta i suvremenog dru\u0161tva u globalnom okru\u017eenju. <\/span><span style=\"font-weight: 400;\"><br \/>\n<\/span><\/p>\n<p><img loading=\"lazy\" decoding=\"async\" class=\"alignnone size-full wp-image-7667\" src=\"https:\/\/www.libertas.hr\/wp-content\/uploads\/2019\/03\/sveuciliste_libertas_studiji.jpg\" alt=\"\" width=\"1121\" height=\"720\" \/><\/p>\n<p><span style=\"font-weight: 400;\">Veliko \u0161irenje svoje ponude studijskih programa Libertas do\u017eivljava 2013. godine, kada se uvode studiji vezani za sport, glumu, diplomaciju i me\u0111unarodno poslovanje. 2014. godine zapo\u010dinje nastava na <\/span><span style=\"font-weight: 400;\">novom preddiplomskom stru\u010dnom studiju Menad\u017ement poslovne sigurnosti, jedinim takvim programom u RH, nastalim u suradnji s privatnom institucijom Sigurnost Educa, a \u010diji program obrazuje stru\u010dnjake za poslovnu sigurnost i za\u0161titu poslovanja ponajprije u gospodarstvu, ali i za druge djelatnosti. S<\/span><span style=\"font-weight: 400;\">amo godinu dana kasnije, u suradnji sa Sveu\u010dili\u0161tem u Zadru sve\u010dano je otvoren <\/span><span style=\"font-weight: 400;\">poslijediplomski doktorski studij Me\u0111unarodni odnosi kao<\/span><span style=\"font-weight: 400;\"> prvi i jedini u Hrvatskoj koji kroz ekonomske i politi\u010dke aspekte prou\u010dava me\u0111unarodne odnose, procese globalizacije i me\u0111unarodnog poslovanja kroz dimenzije Europske unije. Ubrzo nakon njega uvodi se se i Menad\u017ement kvalitete u zdravstvu, te studij Fizioterapije. Danas su svi ponu\u0111eni studiji iznimno tra\u017eeni zbog svoje prepoznatljivosti pri izvo\u0111enju nastave, te brojnih prilika za prakti\u010dno usavr\u0161avanje na odabranom polju. Sredinom 2018. obranjena je i prva doktorska disertacija doktorskog studija Me\u0111unarodni odnosi, pod mentorstvom doc. dr. sc. Vladimira Filipovi\u0107a. <\/span><\/p>\n<h4><span style=\"color: #0000ff;\"><b>Cjelo\u017eivotnim obrazovanjem od Kine do Hrvatske<\/b><\/span><b><br \/>\n<\/b><\/h4>\n<p><span style=\"font-weight: 400;\">Neprestanim ulaganjem u vlastito obrazovanje osiguravamo konkurentnost na dana\u0161njem tr\u017ei\u0161tu rada. Zbog toga je cjelo\u017eivotno obrazovanje iznimno va\u017eno bez obzira radi li se o usavr\u0161avanju ili prekvalifikaciji. Programi cjelo\u017eivotnog obrazovanja Sveu\u010dili\u0161ta Libertas nude se na podru\u010dju turizma, medicine, financija i stranih jezika. Kontinuirano se provodi i nekoliko verificiranih programa poput seminara za voditelja poslovnice u turisti\u010dkim agencijama i seminar za turisti\u010dke vodi\u010de koje je dosad uspje\u0161no pro\u0161lo nekoliko stotina polaznika. Me\u0111u njima su i 31 kineskih turisti\u010dkih vodi\u010da grada Zagreba, \u010dija promocija je bila i prilika za predstavljanje osnivanja Udruge kineskog turizma na Balkanu, te Udruge turisti\u010dkih vodi\u010da na kineskom jeziku.<\/span><\/p>\n<p><img loading=\"lazy\" decoding=\"async\" class=\"alignnone size-full wp-image-7405\" src=\"https:\/\/www.libertas.hr\/wp-content\/uploads\/2019\/02\/IMG_7778-1.jpg\" alt=\"\" width=\"1024\" height=\"683\" \/><\/p>\n<p><span style=\"font-weight: 400;\">Svoj certifikat o uspje\u0161nom zavr\u0161etku obrazovanja dobila je i prva generacija polaznika seminara Cost-Benefit analiza (CBA) za EU projekte. Ovo je prvi certificirani seminar u Hrvatskoj koji nudi potpuno osposobljavanje za provo\u0111enje ove analize.<\/span><\/p>\n<h4><span style=\"color: #0000ff;\"><b>Centar za karijere i Ured za me\u0111unarodnu suradnju kao rje\u0161enje za sve nedoumice<\/b><\/span><b><br \/>\n<\/b><\/h4>\n<p><span style=\"font-weight: 400;\">Kada se na\u0111u pred maturom, mnogi maturanti jo\u0161 uvijek nisu odabrali kako ni gdje \u0107e nastaviti svoj akademski put. Taj ispit zrelosti za neke se poka\u017ee presudan, jer u tom trenutku moraju odabrati put kojeg bi trebali slijediti veliki dio svog \u017eivota. Zbog toga je 2014. godine osnovan Libertasov Centar za karijere. Ve\u0107 pri kraju srednjo\u0161kolskog \u0161kolovanja u\u010denici su pozvani da posjete ovaj Centar, te uz savjetovanje stru\u010dnih osoba potra\u017ee najbolje rje\u0161enje za svoje mogu\u0107nosti i ambicije. Budu\u0107im studentima na raspolaganju su kreativne radionice i besplatne pripreme za dr\u017eavnu maturu, kao i mogu\u0107nost apliciranja na stipendijski fond Sveu\u010dili\u0161ta. Stru\u010dnjaci iz CZK posve\u0107eni su i pra\u0107enju razvoja postoje\u0107ih studenata, te im poma\u017eu prilikom suradnje s gospodarskim subjektima i Libertasovim partnerima. CZK organizira i brojne seminare kao i terensku nastavu, a odgovoran je i za gostovanja uglednih predava\u010da iz gospodarskog, akademskog i politi\u010dkog \u017eivota.<\/span><\/p>\n<p><img loading=\"lazy\" decoding=\"async\" class=\"alignnone size-full wp-image-7669\" src=\"https:\/\/www.libertas.hr\/wp-content\/uploads\/2019\/03\/radionice.jpg\" alt=\"\" width=\"960\" height=\"640\" \/><\/p>\n<p><span style=\"font-weight: 400;\">Libertasovim studentima na raspolaganju je i iskustvo razmjene, s prilikom da studiranju i \u017eive u drugoj dr\u017eavi, pri \u010demu im poma\u017ee Ured za me\u0111unarodnu suradnju. Va\u017eno je istaknuti Erasmus+, program EU za obrazovanje, osposobljavanje, mlade i sport za razdoblje 2014. \u2013 2020. u kojem su dosad sudjelovali brojni Libertasovi studenti i nastavno osoblje. Preduvjet za provo\u0111enje ovog programa je ERASMUS povelja za visoko obrazovanje, koju je Agencija za mobilnost i programe EU dodijelila Sveu\u010dili\u0161tu Libertas. <\/span><\/p>\n<h4><span style=\"color: #0000ff;\"><b>Znanstveno i stru\u010dno usavr\u0161avanje preduvjet za akademski razvoj<\/b><\/span><b><br \/>\n<\/b><\/h4>\n<p><span style=\"font-weight: 400;\">Sudjelovanjem na brojnim aktivnostima i organizacijom konferencija Sveu\u010dili\u0161te Libertas proaktivno sudjeluje u akademskoj zajednici. 2016. godine upravo je na Libertasu odr\u017eana TAD Conference, me\u0111unarodna konferencija za turizam i razvoj, s naglaskom na urbano okru\u017eenje. U suradnji s fakultetima iz Slovenije i Srbije, na konferenciji se pri\u010dalo o prostorno-ekolo\u0161kim, geopoliti\u010dkim, sigurnosnim, te sociokulturolo\u0161kim i psiholo\u0161kim aspektima urbanog turizma, kao i njegovom marketingu i brendingu. <\/span><span style=\"font-weight: 400;\"><br \/>\n<\/span><\/p>\n<p><img loading=\"lazy\" decoding=\"async\" class=\"alignnone size-full wp-image-7671\" src=\"https:\/\/www.libertas.hr\/wp-content\/uploads\/2019\/03\/TAD_Conference_2016.jpg\" alt=\"\" width=\"960\" height=\"640\" \/><\/p>\n<p><span style=\"font-weight: 400;\">2018. Libertas je organizirao znanstveni skup \u201ePhysiotherapie Croatica 2018\u201c, zajedno s Hrvatskim zborom fizioterapeuta, kao i \u201eXI. konferenciju euro-mediteranskog interkulturnog dijaloga na Feni\u010danskoj ruti\u201c. U partnerstvu s Arheolo\u0161kim muzejom u Zagrebu, te uz podr\u0161ku TZ grada Zagreba, TZ Zagreba\u010dke \u017eupanije i Ministarstva turizma RH, po prvi put u Hrvatskoj odr\u017eana je i Glavna skup\u0161tina Feni\u010danske rute \u2013 kulturne rute Vije\u0107a Europe. Upravo je Libertas zaslu\u017ean \u0161to je i Hrvatska od 2017. godine jedna od \u010dlanica ove Rute, me\u0111u 80 gradova i 18 mediteranskih zemalja, na tri kontinenta, a sve u svrhu promoviranja arheolo\u0161kog turizma.<\/span><\/p>\n<p><img loading=\"lazy\" decoding=\"async\" class=\"alignnone size-full wp-image-6949\" src=\"https:\/\/www.libertas.hr\/wp-content\/uploads\/2019\/01\/physiotherapie-croatica-2018.png\" alt=\"\" width=\"1200\" height=\"800\" \/><\/p>\n<p><span style=\"font-weight: 400;\">Krajem 2018. na Libertasu se raspravljalo i o suvremenim me\u0111unarodnim odnosima i energetskoj sigurnosti na zapadnom Balkanu. Zagreb Forum III \u201eEnergy Security and Western Balkan\u201c konferenciju organizirao je Centar za me\u0111unarodne studije, pod visokim pokroviteljstvom Grada Zagreba, uz visoke goste poput ambasadora Ruske Federacije u RH, Anvara Azimova.<\/span><\/p>\n<p><img loading=\"lazy\" decoding=\"async\" class=\"alignnone size-full wp-image-6951\" src=\"https:\/\/www.libertas.hr\/wp-content\/uploads\/2019\/01\/Zagreb-Forum_III.png\" alt=\"\" width=\"1200\" height=\"800\" \/><\/p>\n<p><span style=\"font-weight: 400;\">U proteklih 15 godina Me\u0111unarodno Sveu\u010dili\u0161te Libertas napravilo je zna\u010dajan iskorak u vlastitom razvoju, ali i u podizanju kvalitete visokog obrazovanja u Hrvatskoj, \u010demu svjedo\u010de brojna priznanja i uspjesi sada\u0161njih i biv\u0161ih studenata i nastavnog osoblja. No volimo re\u0107i da je to tek na\u0161ih prvih 15 \u2013 mo\u017eemo i ho\u0107emo mnogo vi\u0161e i za nas granice ne postoje.<\/span><\/p>\n<p><img loading=\"lazy\" decoding=\"async\" class=\"alignnone size-full wp-image-7673\" src=\"https:\/\/www.libertas.hr\/wp-content\/uploads\/2019\/03\/Svecana_promocija_2016.jpg\" alt=\"\" width=\"2048\" height=\"1137\" \/><\/p>\n","protected":false},"excerpt":{"rendered":"<p>Zajednica Sveu\u010dili\u0161ta Libertas svake je godine sve ve\u0107a, a postignu\u0107a na\u0161ih studenata i profesora rastu iz semestra u semestar. Zato nam je i prvih 15 godina pro\u0161lo kao u trenu! Dok nove snage pristi\u017eu, trenutni studenti uspje\u0161no ispunjavaju svoje akademske obveze, a na\u0161i ponosni alumni i dalje aktivno pridonose radu Sveu\u010dili\u0161ta, sa zadovoljstvom se prisje\u0107amo [&hellip;]<\/p>\n","protected":false},"author":5,"featured_media":15695,"comment_status":"closed","ping_status":"open","sticky":false,"template":"","format":"standard","meta":{"footnotes":""},"categories":[34],"tags":[],"class_list":["post-15694","post","type-post","status-publish","format-standard","has-post-thumbnail","hentry","category-nasih-15"],"_links":{"self":[{"href":"https:\/\/www.libertas.hr\/en\/wp-json\/wp\/v2\/posts\/15694","targetHints":{"allow":["GET"]}}],"collection":[{"href":"https:\/\/www.libertas.hr\/en\/wp-json\/wp\/v2\/posts"}],"about":[{"href":"https:\/\/www.libertas.hr\/en\/wp-json\/wp\/v2\/types\/post"}],"author":[{"embeddable":true,"href":"https:\/\/www.libertas.hr\/en\/wp-json\/wp\/v2\/users\/5"}],"replies":[{"embeddable":true,"href":"https:\/\/www.libertas.hr\/en\/wp-json\/wp\/v2\/comments?post=15694"}],"version-history":[{"count":0,"href":"https:\/\/www.libertas.hr\/en\/wp-json\/wp\/v2\/posts\/15694\/revisions"}],"wp:featuredmedia":[{"embeddable":true,"href":"https:\/\/www.libertas.hr\/en\/wp-json\/wp\/v2\/media\/15695"}],"wp:attachment":[{"href":"https:\/\/www.libertas.hr\/en\/wp-json\/wp\/v2\/media?parent=15694"}],"wp:term":[{"taxonomy":"category","embeddable":true,"href":"https:\/\/www.libertas.hr\/en\/wp-json\/wp\/v2\/categories?post=15694"},{"taxonomy":"post_tag","embeddable":true,"href":"https:\/\/www.libertas.hr\/en\/wp-json\/wp\/v2\/tags?post=15694"}],"curies":[{"name":"wp","href":"https:\/\/api.w.org\/{rel}","templated":true}]}}