{"id":15579,"date":"2019-02-26T16:09:06","date_gmt":"2019-02-26T16:09:06","guid":{"rendered":"https:\/\/www.libertas.hr\/uncategorized-hr\/bivsa-studentica-libertasa-izabrana-za-predsjednicu-savjeta-mladih-grada-dubrovnika\/"},"modified":"2019-02-26T16:09:06","modified_gmt":"2019-02-26T16:09:06","slug":"bivsa-studentica-libertasa-izabrana-za-predsjednicu-savjeta-mladih-grada-dubrovnika","status":"publish","type":"post","link":"https:\/\/www.libertas.hr\/en\/novosti\/bivsa-studentica-libertasa-izabrana-za-predsjednicu-savjeta-mladih-grada-dubrovnika\/","title":{"rendered":"Biv\u0161a studentica Libertasa izabrana za predsjednicu Savjeta mladih Grada Dubrovnika"},"content":{"rendered":"<p>Na sjednici Savjeta mladih Grada Dubrovnika odr\u017eanoj danas u gradskoj vije\u0107nici, \u010dlanovi Savjeta mladih Grada Dubrovnika za svoju su predsjednicu jednoglasno izabrali Teu Lenz, a za zamjenicu predsjednice Paolu \u0160uti\u0107, obje biv\u0161e studentice Libertas me\u0111unarodnog sveu\u010dili\u0161ta. Tea Lenz i Paola \u0160uti\u0107 diplomirale su na studiju Me\u0111unarodni odnosi na Libertas me\u0111unarodnom sveu\u010dili\u0161tu u Dubrovniku.<\/p>\n<p>Najva\u017enija zada\u0107a novoizabranog Savjeta mladih bit \u0107e sudjelovanje u dono\u0161enju i provedbi Lokalnog programa za mlade Grada Dubrovnika za razdoblje od 2019. do 2021. &#8220;Mladi i Grad skupa&#8221;.<\/p>\n<p>Vi\u0161e o vijesti pro\u010ditajte u \u010dlanku Dubrova\u010dkog vjesnika.<\/p>\n<figure id=\"attachment_7481\" aria-describedby=\"caption-attachment-7481\" style=\"width: 1600px\" class=\"wp-caption alignnone\"><img fetchpriority=\"high\" decoding=\"async\" class=\"size-full wp-image-7481\" src=\"https:\/\/www.libertas.hr\/wp-content\/uploads\/2021\/02\/Untitled.png\" alt=\"\" width=\"1600\" height=\"1067\" \/><figcaption id=\"caption-attachment-7481\" class=\"wp-caption-text\">Izvor: Dubrova\u010dki vjesnik<\/figcaption><\/figure>\n","protected":false},"excerpt":{"rendered":"<p>Na sjednici Savjeta mladih Grada Dubrovnika odr\u017eanoj danas u gradskoj vije\u0107nici, \u010dlanovi Savjeta mladih Grada Dubrovnika za svoju su predsjednicu jednoglasno izabrali Teu Lenz, a za zamjenicu predsjednice Paolu \u0160uti\u0107, obje biv\u0161e studentice Libertas me\u0111unarodnog sveu\u010dili\u0161ta. Tea Lenz i Paola \u0160uti\u0107 diplomirale su na studiju Me\u0111unarodni odnosi na Libertas me\u0111unarodnom sveu\u010dili\u0161tu u Dubrovniku. Najva\u017enija zada\u0107a [&hellip;]<\/p>\n","protected":false},"author":5,"featured_media":13860,"comment_status":"closed","ping_status":"open","sticky":false,"template":"","format":"standard","meta":{"footnotes":""},"categories":[24],"tags":[],"class_list":["post-15579","post","type-post","status-publish","format-standard","has-post-thumbnail","hentry","category-novosti"],"_links":{"self":[{"href":"https:\/\/www.libertas.hr\/en\/wp-json\/wp\/v2\/posts\/15579","targetHints":{"allow":["GET"]}}],"collection":[{"href":"https:\/\/www.libertas.hr\/en\/wp-json\/wp\/v2\/posts"}],"about":[{"href":"https:\/\/www.libertas.hr\/en\/wp-json\/wp\/v2\/types\/post"}],"author":[{"embeddable":true,"href":"https:\/\/www.libertas.hr\/en\/wp-json\/wp\/v2\/users\/5"}],"replies":[{"embeddable":true,"href":"https:\/\/www.libertas.hr\/en\/wp-json\/wp\/v2\/comments?post=15579"}],"version-history":[{"count":0,"href":"https:\/\/www.libertas.hr\/en\/wp-json\/wp\/v2\/posts\/15579\/revisions"}],"wp:featuredmedia":[{"embeddable":true,"href":"https:\/\/www.libertas.hr\/en\/wp-json\/wp\/v2\/media\/13860"}],"wp:attachment":[{"href":"https:\/\/www.libertas.hr\/en\/wp-json\/wp\/v2\/media?parent=15579"}],"wp:term":[{"taxonomy":"category","embeddable":true,"href":"https:\/\/www.libertas.hr\/en\/wp-json\/wp\/v2\/categories?post=15579"},{"taxonomy":"post_tag","embeddable":true,"href":"https:\/\/www.libertas.hr\/en\/wp-json\/wp\/v2\/tags?post=15579"}],"curies":[{"name":"wp","href":"https:\/\/api.w.org\/{rel}","templated":true}]}}