{"id":15578,"date":"2019-02-21T08:02:27","date_gmt":"2019-02-21T08:02:27","guid":{"rendered":"https:\/\/www.libertas.hr\/uncategorized-hr\/posjet-skolama-u-crnoj-gori\/"},"modified":"2019-02-21T08:02:27","modified_gmt":"2019-02-21T08:02:27","slug":"posjet-skolama-u-crnoj-gori","status":"publish","type":"post","link":"https:\/\/www.libertas.hr\/en\/novosti\/posjet-skolama-u-crnoj-gori\/","title":{"rendered":"Posjet \u0161kolama u Crnoj Gori"},"content":{"rendered":"<p>Libertas me\u0111unarodno sveu\u010dili\u0161te pro\u0161li je tjedan posjetilo susjednu Crnu Goru i njihovo primorje gdje su u srednjim \u0161kolama u Herceg Novom, Kotoru i Tivtu odr\u017eane prezentacije o preddiplomskim studijima te mogu\u0107nostima koje ovo jedino privatno hrvatsko sveu\u010dili\u0161te nudi. Nakon prezentacije, u\u010denici, profesori i osoblje sveu\u010dili\u0161ta uklju\u010dili su se u raspravu o budu\u0107em \u010dlanstvu Crne Gore u Europskoj Uniji, iskustvima Republike Hrvatske u Europskoj Uniji, te budu\u0107im potrebama tr\u017ei\u0161ta rada u podru\u010dju me\u0111unarodnih odnosa i diplomacije, ali i turizma. Sigurni smo kako \u0107e nam se neki od ovih mladih ljudi pridru\u017eiti u na\u0161em me\u0111unarodnom akademskom okru\u017eenju u Dubrovniku!<\/p>\n<p><img fetchpriority=\"high\" decoding=\"async\" class=\"alignnone size-full wp-image-7470\" src=\"https:\/\/www.libertas.hr\/wp-content\/uploads\/2019\/02\/26296c7b-9a8b-4fc1-8abc-d404ae2c861b.jpg\" alt=\"\" width=\"1600\" height=\"1200\" \/><\/p>\n","protected":false},"excerpt":{"rendered":"<p>Libertas me\u0111unarodno sveu\u010dili\u0161te pro\u0161li je tjedan posjetilo susjednu Crnu Goru i njihovo primorje gdje su u srednjim \u0161kolama u Herceg Novom, Kotoru i Tivtu odr\u017eane prezentacije o preddiplomskim studijima te mogu\u0107nostima koje ovo jedino privatno hrvatsko sveu\u010dili\u0161te nudi. Nakon prezentacije, u\u010denici, profesori i osoblje sveu\u010dili\u0161ta uklju\u010dili su se u raspravu o budu\u0107em \u010dlanstvu Crne Gore [&hellip;]<\/p>\n","protected":false},"author":5,"featured_media":15576,"comment_status":"closed","ping_status":"open","sticky":false,"template":"","format":"standard","meta":{"footnotes":""},"categories":[24],"tags":[],"class_list":["post-15578","post","type-post","status-publish","format-standard","has-post-thumbnail","hentry","category-novosti"],"_links":{"self":[{"href":"https:\/\/www.libertas.hr\/en\/wp-json\/wp\/v2\/posts\/15578","targetHints":{"allow":["GET"]}}],"collection":[{"href":"https:\/\/www.libertas.hr\/en\/wp-json\/wp\/v2\/posts"}],"about":[{"href":"https:\/\/www.libertas.hr\/en\/wp-json\/wp\/v2\/types\/post"}],"author":[{"embeddable":true,"href":"https:\/\/www.libertas.hr\/en\/wp-json\/wp\/v2\/users\/5"}],"replies":[{"embeddable":true,"href":"https:\/\/www.libertas.hr\/en\/wp-json\/wp\/v2\/comments?post=15578"}],"version-history":[{"count":0,"href":"https:\/\/www.libertas.hr\/en\/wp-json\/wp\/v2\/posts\/15578\/revisions"}],"wp:featuredmedia":[{"embeddable":true,"href":"https:\/\/www.libertas.hr\/en\/wp-json\/wp\/v2\/media\/15576"}],"wp:attachment":[{"href":"https:\/\/www.libertas.hr\/en\/wp-json\/wp\/v2\/media?parent=15578"}],"wp:term":[{"taxonomy":"category","embeddable":true,"href":"https:\/\/www.libertas.hr\/en\/wp-json\/wp\/v2\/categories?post=15578"},{"taxonomy":"post_tag","embeddable":true,"href":"https:\/\/www.libertas.hr\/en\/wp-json\/wp\/v2\/tags?post=15578"}],"curies":[{"name":"wp","href":"https:\/\/api.w.org\/{rel}","templated":true}]}}