{"id":15552,"date":"2019-02-18T10:35:23","date_gmt":"2019-02-18T10:35:23","guid":{"rendered":"https:\/\/www.libertas.hr\/uncategorized-hr\/predavanje-o-medunarodnoj-zajednici-i-ratu-u-hrvatskoj-dubrovacke-knjiznice\/"},"modified":"2019-02-18T10:35:23","modified_gmt":"2019-02-18T10:35:23","slug":"predavanje-o-medunarodnoj-zajednici-i-ratu-u-hrvatskoj-dubrovacke-knjiznice","status":"publish","type":"post","link":"https:\/\/www.libertas.hr\/en\/dogadanja\/predavanje-o-medunarodnoj-zajednici-i-ratu-u-hrvatskoj-dubrovacke-knjiznice\/","title":{"rendered":"Predavanje o me\u0111unarodnoj zajednici i ratu u Hrvatskoj &#8211; Dubrova\u010dke knji\u017enice"},"content":{"rendered":"<p><img fetchpriority=\"high\" decoding=\"async\" class=\"alignnone size-full wp-image-7422\" src=\"https:\/\/www.libertas.hr\/wp-content\/uploads\/2019\/02\/logo_DU_knjiznice.png\" alt=\"\" width=\"976\" height=\"320\" \/><\/p>\n<p>Danas,<strong> 18.velja\u010de 2019<\/strong>. godine u <strong>18h<\/strong> u <strong>\u010citaonici Narodne knj\u017enice Grad u Dubrovniku<\/strong> odr\u017eat \u0107e se predavanje pod naslovom &#8216;<strong>&#8216;Me\u0111unarodna zajednica i rat u Hrvatskoj 1991-1995.&#8221;<\/strong> O ulozi me\u0111unarodne zajednice u ratu i procesu hrvatskog osamostaljivanja govorit \u0107e predava\u010d i profesor na Sveu\u010dili\u0161tu Libertas <strong>doc.dr.sc. Vladimir Filipovi\u0107<\/strong>, a moderator predavanja bit \u0107e <strong>dr.sc. Maroje Vi\u0161i\u0107.<\/strong><\/p>\n<p>Rat u Hrvatskoj od svojeg je po\u010detka do svojeg kraja bio visoko internacionaliziran i prisutstvo ve\u0107eg broja me\u0111unarodnih posrednika odre\u0111ivalo je dijelom njegovu dinamiku. U Hrvatskoj se o ulozi me\u0111unarodne zajednice u ratu i procesu hrvatskog osamostaljivanja u pravilu govori negativno i kriti\u010dki. U ovom predavanju temi se poku\u0161ava pristupiti na drugi na\u010din i ukazati na mogu\u0107e druga\u010dije tuma\u010denje uloge me\u0111unarodne zajednice.<\/p>\n<p>Vladimir Filipovi\u0107 docent je na Libertas me\u0111unarodnom sveu\u010dilistu u Zagrebu i Dubrovniku. Autor je ve\u0107eg broja znanstvenih \u010dlanaka i zapa\u017eene knjige &#8221;Ispod plavih sljemova: motive dr\u017eava za sudjelovanjem u misiji UNPROFOR 1992-1995.&#8221; objavljene 2015. u Zagrebu i Sarajevu.<\/p>\n<p>Predavanje je u organizaciji <strong>Libertas me\u0111unarodnog sveu\u010dili\u0161ta i Dubrova\u010dkih knji\u017enica.<\/strong><\/p>\n","protected":false},"excerpt":{"rendered":"<p>Danas, 18.velja\u010de 2019. godine u 18h u \u010citaonici Narodne knj\u017enice Grad u Dubrovniku odr\u017eat \u0107e se predavanje pod naslovom &#8216;&#8216;Me\u0111unarodna zajednica i rat u Hrvatskoj 1991-1995.&#8221; O ulozi me\u0111unarodne zajednice u ratu i procesu hrvatskog osamostaljivanja govorit \u0107e predava\u010d i profesor na Sveu\u010dili\u0161tu Libertas doc.dr.sc. Vladimir Filipovi\u0107, a moderator predavanja bit \u0107e dr.sc. Maroje Vi\u0161i\u0107. [&hellip;]<\/p>\n","protected":false},"author":5,"featured_media":15553,"comment_status":"closed","ping_status":"open","sticky":false,"template":"","format":"standard","meta":{"footnotes":""},"categories":[23,24],"tags":[],"class_list":["post-15552","post","type-post","status-publish","format-standard","has-post-thumbnail","hentry","category-dogadanja","category-novosti"],"_links":{"self":[{"href":"https:\/\/www.libertas.hr\/en\/wp-json\/wp\/v2\/posts\/15552","targetHints":{"allow":["GET"]}}],"collection":[{"href":"https:\/\/www.libertas.hr\/en\/wp-json\/wp\/v2\/posts"}],"about":[{"href":"https:\/\/www.libertas.hr\/en\/wp-json\/wp\/v2\/types\/post"}],"author":[{"embeddable":true,"href":"https:\/\/www.libertas.hr\/en\/wp-json\/wp\/v2\/users\/5"}],"replies":[{"embeddable":true,"href":"https:\/\/www.libertas.hr\/en\/wp-json\/wp\/v2\/comments?post=15552"}],"version-history":[{"count":0,"href":"https:\/\/www.libertas.hr\/en\/wp-json\/wp\/v2\/posts\/15552\/revisions"}],"wp:featuredmedia":[{"embeddable":true,"href":"https:\/\/www.libertas.hr\/en\/wp-json\/wp\/v2\/media\/15553"}],"wp:attachment":[{"href":"https:\/\/www.libertas.hr\/en\/wp-json\/wp\/v2\/media?parent=15552"}],"wp:term":[{"taxonomy":"category","embeddable":true,"href":"https:\/\/www.libertas.hr\/en\/wp-json\/wp\/v2\/categories?post=15552"},{"taxonomy":"post_tag","embeddable":true,"href":"https:\/\/www.libertas.hr\/en\/wp-json\/wp\/v2\/tags?post=15552"}],"curies":[{"name":"wp","href":"https:\/\/api.w.org\/{rel}","templated":true}]}}