{"id":15466,"date":"2019-01-16T14:24:42","date_gmt":"2019-01-16T14:24:42","guid":{"rendered":"https:\/\/www.libertas.hr\/uncategorized-hr\/terenska-nastava-posjet-zagrebackoj-dzamiji\/"},"modified":"2019-01-16T14:24:42","modified_gmt":"2019-01-16T14:24:42","slug":"terenska-nastava-posjet-zagrebackoj-dzamiji","status":"publish","type":"post","link":"https:\/\/www.libertas.hr\/en\/novosti\/terenska-nastava-posjet-zagrebackoj-dzamiji\/","title":{"rendered":"Terenska nastava &#8211; posjet Zagreba\u010dkoj d\u017eamiji"},"content":{"rendered":"<p>Ovaj tjedan dvije grupe s Libertas me\u0111unarodnog sveu\u010dili\u0161ta, iz studijskih programa Me\u0111unarodnih odnosa i Me\u0111unarodnog poslovanja obavile su studijski posjet <strong>Zagreba\u010dkoj d\u017eamiji,<\/strong> gdje ih je ugostio i predavanje im odr\u017eao imam u Islamskoj zajednici, <strong>Mirza ef. Me\u0161i\u0107<\/strong>. Dvije studijske grupe obavile su posjet u funkciji kolegija Komparativne religije, koji poha\u0111aju u sklopu prve godine studija.<\/p>\n<p>Na predavanju su slu\u0161ali, i kasnije diskutirali, o temema iz povijesti islama, odnosa islama i zapada, povijesti islamske zajednice u Hrvatskoj i drugim odabranim temama.<\/p>\n<p><img fetchpriority=\"high\" decoding=\"async\" class=\"alignnone size-full wp-image-7000\" src=\"https:\/\/www.libertas.hr\/wp-content\/uploads\/2019\/01\/Ponedjeljak-scaled.jpg\" alt=\"\" width=\"3264\" height=\"2448\" \/><\/p>\n<p><img decoding=\"async\" class=\"alignnone size-full wp-image-7002\" src=\"https:\/\/www.libertas.hr\/wp-content\/uploads\/2019\/01\/Srijeda.jpg\" alt=\"\" width=\"2560\" height=\"1920\" \/><\/p>\n","protected":false},"excerpt":{"rendered":"<p>Ovaj tjedan dvije grupe s Libertas me\u0111unarodnog sveu\u010dili\u0161ta, iz studijskih programa Me\u0111unarodnih odnosa i Me\u0111unarodnog poslovanja obavile su studijski posjet Zagreba\u010dkoj d\u017eamiji, gdje ih je ugostio i predavanje im odr\u017eao imam u Islamskoj zajednici, Mirza ef. Me\u0161i\u0107. Dvije studijske grupe obavile su posjet u funkciji kolegija Komparativne religije, koji poha\u0111aju u sklopu prve godine studija. [&hellip;]<\/p>\n","protected":false},"author":5,"featured_media":15464,"comment_status":"closed","ping_status":"open","sticky":false,"template":"","format":"standard","meta":{"footnotes":""},"categories":[24],"tags":[],"class_list":["post-15466","post","type-post","status-publish","format-standard","has-post-thumbnail","hentry","category-novosti"],"_links":{"self":[{"href":"https:\/\/www.libertas.hr\/en\/wp-json\/wp\/v2\/posts\/15466","targetHints":{"allow":["GET"]}}],"collection":[{"href":"https:\/\/www.libertas.hr\/en\/wp-json\/wp\/v2\/posts"}],"about":[{"href":"https:\/\/www.libertas.hr\/en\/wp-json\/wp\/v2\/types\/post"}],"author":[{"embeddable":true,"href":"https:\/\/www.libertas.hr\/en\/wp-json\/wp\/v2\/users\/5"}],"replies":[{"embeddable":true,"href":"https:\/\/www.libertas.hr\/en\/wp-json\/wp\/v2\/comments?post=15466"}],"version-history":[{"count":0,"href":"https:\/\/www.libertas.hr\/en\/wp-json\/wp\/v2\/posts\/15466\/revisions"}],"wp:featuredmedia":[{"embeddable":true,"href":"https:\/\/www.libertas.hr\/en\/wp-json\/wp\/v2\/media\/15464"}],"wp:attachment":[{"href":"https:\/\/www.libertas.hr\/en\/wp-json\/wp\/v2\/media?parent=15466"}],"wp:term":[{"taxonomy":"category","embeddable":true,"href":"https:\/\/www.libertas.hr\/en\/wp-json\/wp\/v2\/categories?post=15466"},{"taxonomy":"post_tag","embeddable":true,"href":"https:\/\/www.libertas.hr\/en\/wp-json\/wp\/v2\/tags?post=15466"}],"curies":[{"name":"wp","href":"https:\/\/api.w.org\/{rel}","templated":true}]}}