{"id":15459,"date":"2019-01-14T12:42:08","date_gmt":"2019-01-14T12:42:08","guid":{"rendered":"https:\/\/www.libertas.hr\/uncategorized-hr\/intervju-s-doc-dr-sc-ivorom-altarasom-pendom-za-glas-slavonije\/"},"modified":"2019-01-14T12:42:08","modified_gmt":"2019-01-14T12:42:08","slug":"intervju-s-doc-dr-sc-ivorom-altarasom-pendom-za-glas-slavonije","status":"publish","type":"post","link":"https:\/\/www.libertas.hr\/en\/novosti\/intervju-s-doc-dr-sc-ivorom-altarasom-pendom-za-glas-slavonije\/","title":{"rendered":"Intervju s doc.dr.sc. Ivorom Altarasom Pendom za Glas Slavonije"},"content":{"rendered":"<p>Objavljen je intervju s predava\u010dem na Sveu\u010dili\u0161tu Liberas, <strong>doc.dr.sc. Ivorom Altarasom Pendom<\/strong> na portalu Glas Slavonije. Prof.Penda govorio je o problematici socijalne dr\u017eave i kapitalizma, te uputio na \u010dinjenicu kako su nu\u017eno okrenuti jedno na drugo.<\/p>\n<p><em>&#8220;Socijalna dr\u017eava i kapitalizam nu\u017eno su upu\u0107eni jedno na drugo. Izrazito je jaka i statisti\u010dki zna\u010dajna povezanost izme\u0111u uspje\u0161nosti socijalnih dr\u017eava i postojanja stabilnog, pravno ure\u0111enog i od dr\u017eave podr\u017eanog kapitalisti\u010dkog ekonomskog sustava. Oko toga ne bi smjelo biti dvojbe. Ono \u0161to predstavlja rizik za socijalne dr\u017eave jest model njezinog financiranja u uvjetima nadnacionalnih integracija, demografskog pada te neure\u0111enih migracija stanovni\u0161tva koje, istina, popravljaju demografsku sliku zemalja o kojima govorimo, ali za sada samo nekih. Hrvatska trenuta\u010dno nije me\u0111u njima. A i to sa sobom donosi nove, ponaprije kulturolo\u0161ke i integracijske izazove&#8221;<\/em> &#8211; rekao je profesor.<\/p>\n<p>Nadalje, prof.Penda govorio je o prakti\u010dnoj primjeni socijalnih politika Republike Hrvatske, koja je Ustavom definirana kao socijalna dr\u017eava. Pri tome je iznio nekoliko primjera socijalne dimenzije koje je Republika Hrvatska pokazala tijekom proteklih gotovo trideset godina. Kona\u010dno se referirao na provedbu kapitalizma u Hrvatskoj, te naveo svoje mi\u0161ljenje kako bi ga Hrvatska trebala provoditi.<\/p>\n<p><em>&#8220;Hrvatskoj treba vi\u0161e, a ne manje istinskog kapitalizma. I upravo \u0107e takva Hrvatska mo\u0107i puniti prora\u010dun kojim \u0107e se financirati usluge socijalne dr\u017eave od kojeg \u0107e benefit imati svi njezini gra\u0111ani.&#8221;<\/em><\/p>\n<p>Cijeli <a href=\"http:\/\/www.glas-slavonije.hr\/387160\/11\/Socijalna-drzava-i-kapitalizam-nuzno-su-upuceni-jedno-na-drugo\">\u010dlanak<\/a> pro\u010ditajte na portalu <a href=\"http:\/\/www.glas-slavonije.hr\/\">Glas Slavonije<\/a>.<\/p>\n<p><span style=\"color: #808080;\">Preuzeto s: http:\/\/www.glas-slavonije.hr\/387160\/11\/Socijalna-drzava-i-kapitalizam-nuzno-su-upuceni-jedno-na-drugo<\/span><\/p>\n","protected":false},"excerpt":{"rendered":"<p>Objavljen je intervju s predava\u010dem na Sveu\u010dili\u0161tu Liberas, doc.dr.sc. Ivorom Altarasom Pendom na portalu Glas Slavonije. Prof.Penda govorio je o problematici socijalne dr\u017eave i kapitalizma, te uputio na \u010dinjenicu kako su nu\u017eno okrenuti jedno na drugo. &#8220;Socijalna dr\u017eava i kapitalizam nu\u017eno su upu\u0107eni jedno na drugo. Izrazito je jaka i statisti\u010dki zna\u010dajna povezanost izme\u0111u uspje\u0161nosti [&hellip;]<\/p>\n","protected":false},"author":5,"featured_media":15460,"comment_status":"closed","ping_status":"open","sticky":false,"template":"","format":"standard","meta":{"footnotes":""},"categories":[24],"tags":[],"class_list":["post-15459","post","type-post","status-publish","format-standard","has-post-thumbnail","hentry","category-novosti"],"_links":{"self":[{"href":"https:\/\/www.libertas.hr\/en\/wp-json\/wp\/v2\/posts\/15459","targetHints":{"allow":["GET"]}}],"collection":[{"href":"https:\/\/www.libertas.hr\/en\/wp-json\/wp\/v2\/posts"}],"about":[{"href":"https:\/\/www.libertas.hr\/en\/wp-json\/wp\/v2\/types\/post"}],"author":[{"embeddable":true,"href":"https:\/\/www.libertas.hr\/en\/wp-json\/wp\/v2\/users\/5"}],"replies":[{"embeddable":true,"href":"https:\/\/www.libertas.hr\/en\/wp-json\/wp\/v2\/comments?post=15459"}],"version-history":[{"count":0,"href":"https:\/\/www.libertas.hr\/en\/wp-json\/wp\/v2\/posts\/15459\/revisions"}],"wp:featuredmedia":[{"embeddable":true,"href":"https:\/\/www.libertas.hr\/en\/wp-json\/wp\/v2\/media\/15460"}],"wp:attachment":[{"href":"https:\/\/www.libertas.hr\/en\/wp-json\/wp\/v2\/media?parent=15459"}],"wp:term":[{"taxonomy":"category","embeddable":true,"href":"https:\/\/www.libertas.hr\/en\/wp-json\/wp\/v2\/categories?post=15459"},{"taxonomy":"post_tag","embeddable":true,"href":"https:\/\/www.libertas.hr\/en\/wp-json\/wp\/v2\/tags?post=15459"}],"curies":[{"name":"wp","href":"https:\/\/api.w.org\/{rel}","templated":true}]}}