{"id":15445,"date":"2019-01-11T09:05:13","date_gmt":"2019-01-11T09:05:13","guid":{"rendered":"https:\/\/www.libertas.hr\/uncategorized-hr\/pregled-zbivanja-2018-na-sveucilistu-libertas\/"},"modified":"2019-01-11T09:05:13","modified_gmt":"2019-01-11T09:05:13","slug":"pregled-zbivanja-2018-na-sveucilistu-libertas","status":"publish","type":"post","link":"https:\/\/www.libertas.hr\/en\/novosti\/pregled-zbivanja-2018-na-sveucilistu-libertas\/","title":{"rendered":"Pregled zbivanja 2018. na Sveu\u010dili\u0161tu Libertas"},"content":{"rendered":"<p>Na po\u010detku nove godine, osvr\u0107emo se na uspjehe, doga\u0111anja, novitete, inicijative i ljude koji su obilje\u017eili Libertasovu zajednicu u protekloj godini.<\/p>\n<h2 style=\"text-align: left;\"><span style=\"color: #0000ff;\"><strong>#Libertaspromocija &#8211; \u010cestitke diplomantima generacije 2018 <\/strong><\/span><\/h2>\n<p><img fetchpriority=\"high\" decoding=\"async\" class=\"alignnone size-full wp-image-6931\" src=\"https:\/\/www.libertas.hr\/wp-content\/uploads\/2019\/01\/sveuciliste-libertas-svecane-promocije-2018.png\" alt=\"\" width=\"1200\" height=\"800\" \/><\/p>\n<p>U 2018. godini smo proslavili \u010dak tri sve\u010dane promocije &#8211; 5. lipnja i 30. studenog u Zagrebu u Zagreba\u010dkom kazali\u0161tu mladih i 12. prosinca u hotelu Excelsior u Dubrovniku.\u00a0 Diplome je sve\u010dano primilo ukupno 334 diplomiranih studenata Libertasovih preddiplomskih sveu\u010dili\u0161nih i stru\u010dnih studija te diplomskih specijalisti\u010dkih i magistarskih studija. Rektor Sveu\u010dili\u0161ta <strong>prof. dr. sc. Du\u0161ko Pavlovi\u0107<\/strong> je sve\u010danim govorima \u010destitao diplomantima na akademskim postignu\u0107ima i naglasio va\u017enost visokog obrazovanja i ste\u010denog znanja za budu\u0107e zaposlenje na izazovnom tr\u017ei\u0161tu rada. <span style=\"color: #000000;\"><span style=\"color: #ff0000;\"><b><span style=\"color: #000000;\">6 studenata<\/span><\/b><\/span> je primilo Rektorovu nagradu, a rektorici Sveu\u010dili\u0161ta u Zadru, <strong>prof.dr.sc. Dijani Vican<\/strong> predan je po\u010dasni doktorat za predan rad te doprinos znanos<\/span>ti i suradnji Sveu\u010dili\u0161ta Libertas sa Sveu\u010dili\u0161tem u Zadru.<\/p>\n<p><a href=\"https:\/\/www.youtube.com\/watch?v=6Bgloar496o\">https:\/\/www.youtube.com\/watch?v=6Bgloar496o<\/a><\/p>\n<p><iframe title=\"Sve\u010dana promocija studenata Sveu\u010dili\u0161ta Libertas u Zagrebu - 30. studeni 2018.\" width=\"800\" height=\"450\" src=\"https:\/\/www.youtube.com\/embed\/Wd9Y-4BBhms?feature=oembed\" frameborder=\"0\" allow=\"accelerometer; autoplay; clipboard-write; encrypted-media; gyroscope; picture-in-picture; web-share\" referrerpolicy=\"strict-origin-when-cross-origin\" allowfullscreen><\/iframe><\/p>\n<h2 style=\"text-align: left;\"><span style=\"color: #0000ff;\"><strong>Novi studiji i izmjene studijskih programa<\/strong><\/span><\/h2>\n<p>U akademskoj godini 2017\/2018 zapo\u010deli smo s izvo\u0111enjem novog i izmijenjenog programa preddiplomskog studija <strong>Turisti\u010dki i hotelski menad\u017ement<\/strong> kako bi osigurali jo\u0161 vi\u0161u kvalitetu studija. Vi\u0161e stru\u010dne prakse i uvo\u0111enje modula izborom kojih studenti mogu usmjeriti svoje obrazovanje i koji \u0107e pridonijeti stvaranju kvalificiranih stru\u010dnih prvostupnika u visokom obrazovanju u turizmu glavne su izmjene programa. Vi\u0161e pogledajte <a href=\"https:\/\/arhiva.libertas.hr\/novosti\/novi-program-preddiplomskog-studija-turisticki-i-hotelski-menadzment\/\">ovdje<\/a>.<\/p>\n<p>I na\u0161 specijalisti\u010dki diplomski stru\u010dni studijski program <strong>\u201cMenad\u017ement unutarnje i me\u0111unarodne trgovine\u201c<\/strong> do\u017eivio je nove promjene. Osuvremenjivanjem programa odgovorilo se na potrebe i zahtjeve suvremenog dru\u0161tva u globalnom me\u0111unarodnom okru\u017eenju, te osigurali kompetencije potrebne za uspje\u0161nu karijeru i prakti\u010dno operativno vo\u0111enje komercijalnih poslova u doma\u0107im i me\u0111unarodnim tvrtkama i institucijama. Novi nastavni plan i program preuzmite <a href=\"https:\/\/arhiva.libertas.hr\/wp-content\/uploads\/2018\/11\/Nastavni-plan-i-program-MUT.pdf?x96205\">ovdje<\/a>.<\/p>\n<p>U 2018. godini <strong>obranjene su dvije doktorske disertacij<\/strong>e studenata prve generacije doktorskog studija Me\u0111unarodni odnosi:<\/p>\n<ul>\n<li><em>\u201cThe role of civil society in the development of democratic system of governance in Kosovo (Uloga civilnog dru\u0161tva u razvoju demokratskog sustava vlasti na Kosovu)\u201d<\/em><strong>, <\/strong>doktoranda Ardiana Kastratija<\/li>\n<li><em>&#8220;Me\u0111unarodna suradnja i sigurnost u suzbijanju kriminaliteta u kiberneti\u010dkom prostoru&#8221;,\u00a0<\/em>doktoranda Nikole Protrke<\/li>\n<\/ul>\n<p><img decoding=\"async\" class=\"alignnone size-full wp-image-6933\" src=\"https:\/\/www.libertas.hr\/wp-content\/uploads\/2019\/01\/obrane-doktorskih-disertacija-sveuciliste-libertas.png\" alt=\"\" width=\"1200\" height=\"800\" \/><\/p>\n<p style=\"text-align: center;\"><em>Opis: Kolege Ardian Kastrati (gore lijevo) i Nikola Protrka (drugi red lijevo) nakon uspje\u0161nih obrana doktorskih disertacija s rektorom, mentorima i stru\u010dnim povjerenstvom<\/em><\/p>\n<p>Doktorski studij <a href=\"https:\/\/arhiva.libertas.hr\/studiji-i-programi\/poslijediplomski-studiji\/medunarodni-odnosi\/\">Me\u0111unarodni odnosi<\/a> pro\u0161le je godine upisala 4. generacija doktoranada i na to smo jako ponosni. Studij je rezultat vi\u0161egodi\u0161nje suradnje sa Sveu\u010dili\u0161tem u Zadru i uspje\u0161no se provodi u Zagrebu na na\u0161em sveu\u010dili\u0161tu.\u00a0 Studij kroz ekonomske i politi\u010dke aspekte prou\u010dava i istra\u017euje me\u0111unarodne odnose, procese globalizacije i me\u0111unarodnog poslovanja, a posebice kroz dimenzije Europske unije.<\/p>\n<h2><strong><span style=\"color: #0000ff;\">Nove suradnje s visoko\u0161kolskim i znanstvenim institucijama<\/span><\/strong><\/h2>\n<p>Sveu\u010dili\u0161te Libertas je i u 2018. godini nastavilo pozitivan trend potpisivanja sporazuma s institucijama od interesa i otvaranja novih mogu\u0107nosti na\u0161im studentima, nastavnicima i partnerima!<\/p>\n<p><img decoding=\"async\" class=\"size-full wp-image-6935 aligncenter\" src=\"https:\/\/www.libertas.hr\/wp-content\/uploads\/2019\/01\/libertas-CEPS-suradnja.jpg\" alt=\"\" width=\"636\" height=\"358\" \/><\/p>\n<p><strong>\u00a0<\/strong>Na prolje\u0107e su Sveu\u010dili\u0161te Libertas i <a href=\"http:\/\/www.ceps.edu.ba\/\"><strong>Visoka \u0161kola &#8220;CEPS-Centar za poslovne studije&#8221;<\/strong><\/a> iz Kiseljaka u Bosni i Hercegovini potpisali sporazum o suradnji kojim je dogovorena zajedni\u010dka priprema i provo\u0111enje razvojnih projekata financiranih iz fondova EU u okviru Erasmus+ programa i projekata u suradnji s gospodarstvom! Suradnja uklju\u010duje i zajedni\u010dke stru\u010dne i nau\u010dne projekte, razmjenu informacija i izdavanje publikacija, organiziranje seminara, radionica i konferencija, upravljanje kvalitetom u podru\u010dju nastave i ostale aktivnosti od zajedni\u010dkog interesa.<\/p>\n<p style=\"text-align: center;\"><img loading=\"lazy\" decoding=\"async\" class=\"alignnone size-full wp-image-6937\" src=\"https:\/\/www.libertas.hr\/wp-content\/uploads\/2019\/01\/Libertas_Suvremena-trgovina_suradnja.jpg\" alt=\"\" width=\"1024\" height=\"683\" \/><br \/>\nOpis fotke: <em>Sporazum su potpisali rektor Sveu\u010dili\u0161ta prof.dr.sc. Du\u0161ko Pavlovi\u0107 i direktor Seniko studija d.o.o. gospodin Sre\u0107ko Serti\u0107.<\/em><\/p>\n<p>S \u010dasopisom <strong>Suvremena trgovina<\/strong> sklopljen je Sporazum o suradnji na zajedni\u010dkim aktivnostima za pobolj\u0161anje znanja o zbivanjima u trgovinskoj djelatnosti u Hrvatskoj i inozemstvu. Osim toga Sveu\u010dili\u0161te Libertas \u0107e biti i akademski pokrovitelj konferencija koje \u0107e organizirati Suvremena trgovina uz aktivno sudjelovanje na\u0161ih profesora i studenata, posebno studenata diplomskog studija Menad\u017ement unutarnje i me\u0111unarodne trgovine.<\/p>\n<p style=\"text-align: center;\"><img loading=\"lazy\" decoding=\"async\" class=\"alignnone size-full wp-image-6939\" src=\"https:\/\/www.libertas.hr\/wp-content\/uploads\/2019\/01\/Tripartitni-sporazum-slika-2-potpisivanje-scaled.jpg\" alt=\"\" width=\"6000\" height=\"4000\" \/><br \/>\nOpis: <em>Sklopljen tripartitni sporazum\u00a0 izme\u0111u Nastavnog zavoda za javno zdravstvo \u201eDr. Andrija \u0160tampar\u201c, Agencije za kvalitetu i akreditaciju u zdravstvu i socijalnoj skrbi i Libertas me\u0111unarodnog sveu\u010dili\u0161ta<\/em><\/p>\n<p style=\"text-align: left;\">Srpanj je obilje\u017eilo sklapanje sporazuma kojim je velik doprinos dan na\u0161em Fakultetu medicinskih znanosti. Radi se o Tripartitom Sporazumu izme\u0111u <strong>Nastavnog zavoda za javno zdravstvo \u201eDr. Andrija \u0160tampar\u201c, Agencije za kvalitetu i akreditaciju u zdravstvu i socijalnoj skrbi i Libertas me\u0111unarodnog sveu\u010dili\u0161ta<\/strong>, a kojim se definira znanstvena i stru\u010dna suradnja u svrsi odr\u017eivog razvoja gerontolo\u0161ko-javnozdravstvene djelatnosti u Hrvatskoj. Oblici suradnje sporazuma uklju\u010duju suradnju u pripremi i izvo\u0111enju istra\u017eivanja, suradnju u stru\u010dnim i znanstvenim gerontolo\u0161kim projektima, objavljivanje znanstvenih i stru\u010dnih \u010dlanaka i ostale oblike promicanja gerontolo\u0161ke znanosti i struke.<\/p>\n<p style=\"text-align: center;\"><strong><img loading=\"lazy\" decoding=\"async\" class=\"alignnone size-full wp-image-6941\" src=\"https:\/\/www.libertas.hr\/wp-content\/uploads\/2019\/01\/Sveuciliste-Libertas_EFZG_suradnja-scaled.jpg\" alt=\"\" width=\"6000\" height=\"4000\" \/><\/strong><strong>Opis fotke<\/strong><strong>: <\/strong><em>\u00a0Rektor Sveu\u010dili\u0161ta Libertas, prof. dr. sc. Du\u0161ko Pavlovi\u0107 i dekan Ekonomskog fakulteta u Zagrebu, prof. dr. sc. Jurica Pavi\u010di\u0107, prorektor Sveu\u010dili\u0161ta u Zagrebu, prof. dr. sc. Ton\u0107i Lazibat, predsjednik Upravnog vije\u0107a Sveu\u010dili\u0161ta Libertas dr.sc. Gojko Ostoji\u0107 te prodekani Ekonomskog fakulteta u Zagrebu,\u00a0 prof. dr. sc. Lorena \u0160kufli\u0107, prof. dr. sc. Oliver Kesar, doc. dr. sc. Bo\u017eidar Jakovi\u0107 i tajnica Ekonomskog fakulteta\u00a0 Martina Leva\u010di\u0107, dipl. Iur.<\/em><\/p>\n<p>Na jesen je potpisan Sporazum o suradnji s <strong>Ekonomskim fakultetom u Zagrebu<\/strong> kojim je definirana suradnja na organizaciji zajedni\u010dkih studijskih programa, konferencija, razmjene studenata i profesora te drugi mogu\u0107i oblici suradnje.<strong><br \/>\n<\/strong><\/p>\n<h2><strong><span style=\"color: #0000ff;\">Gostuju\u0107a predavanja i diplomatske radionice<\/span><\/strong><\/h2>\n<p><strong>Sveu\u010dili\u0161te Libertas <\/strong>kontinuirano potvr\u0111uje poziciju me\u0111unarodnog sveu\u010dili\u0161ta. Za studente studija <strong>Me\u0111unarodni odnosi i diplomacija i studija Me\u0111unarodno poslovanje<\/strong> odr\u017eana su gostuju\u0107a predavanja doma\u0107ih i inozemnih predava\u010da, koji studentima prenose znanja i osobna iskustva rada u podru\u010dju diplomacije, politike i me\u0111unarodnih odnosa.<\/p>\n<p><img loading=\"lazy\" decoding=\"async\" class=\"alignnone size-full wp-image-6943\" src=\"https:\/\/www.libertas.hr\/wp-content\/uploads\/2019\/01\/sveuciliste_libertas_diplomatske-radionice-2018.png\" alt=\"\" width=\"1200\" height=\"800\" \/><\/p>\n<p>Suradnja s brojnim me\u0111unarodnim institucijama i veleposlanstvima pro\u0161le se godine velikim dijelom ogledala u diplomatskim radionicama. Cilj radionica je upoznati studente sa spoznajama i radnim iskustvima hrvatskih veleposlanika u inozemstvu te stranih veleposlanika i diplomata u Republici Hrvatskoj. Pro\u0161le su godine tako radionice odr\u017eali veleposlanici Narodne Republike Kine, Ujedinjene Kraljevine Velike Britanije i Sjeverne Irske, Ruske Federacije, Republike Bugarske, Republike Indije, Republike Ju\u017ene Koreje, Islamske Republike Iran, voditelj predstavni\u0161tva Europske komisije u Hrvatskoj Branko Bari\u010devi\u0107 te diplomatski doajen Budimir Lon\u010dar.<\/p>\n<h2><strong><span style=\"color: #0000ff;\">Nove knjige<\/span><\/strong><\/h2>\n<p><img loading=\"lazy\" decoding=\"async\" class=\"alignnone size-full wp-image-6945\" src=\"https:\/\/www.libertas.hr\/wp-content\/uploads\/2019\/01\/knjige-2018.png\" alt=\"\" width=\"1200\" height=\"800\" \/><\/p>\n<p>U 2018. predstavljene su dvije nove knjige:<\/p>\n<ul>\n<li><strong>\u201cTrgovinsko poslovanje\u201d<\/strong> autori Davor Perkov i Du\u0161ko Pavlovi\u0107. Knjiga je namijenjena prvenstveno studentima stru\u010dnog studija Poslovna ekonomija, ali mo\u017ee biti vrlo korisna svim razinama menad\u017eera u sektoru trgovine. Ovom knjigom na\u0161e sveu\u010dili\u0161te pokre\u0107e novu biblioteku vlastitih izdanja, prije svega, knjiga na\u0161ih profesora.<\/li>\n<li><strong>\u2018Utjecaj turisti\u010dkih i drugih organizacija na razvoj dubrova\u010dkog turizma u proteklih 120 godina (od 1898. do 2018. godine)\u2019<\/strong>, autor Luk\u0161a Lucianovi\u0107<br \/>\nOvo je autorova 14. knjiga kojom je kojom je obilje\u017eio 80 godina \u017eivota i 60 godina predanog rada u turizmu.<\/li>\n<\/ul>\n<h2><strong><span style=\"color: #0000ff;\">Znanstveno-stru\u010dna doga\u0111anja koja su obilje\u017eila 2018. godinu<\/span><\/strong><\/h2>\n<p><img loading=\"lazy\" decoding=\"async\" class=\"alignnone size-full wp-image-6947\" src=\"https:\/\/www.libertas.hr\/wp-content\/uploads\/2019\/01\/konferencija_povodom_80_rodendana_prof_emeritusa_ive_andrijanica.png\" alt=\"\" width=\"1200\" height=\"800\" \/><br \/>\nLibertas je bio doma\u0107in brojnih konferencija. Godinu smo otvorili posebnom konferencijom <em>\u201eHrvatska u me\u0111unarodnom ekonomskom i politi\u010dkom okru\u017eenju\u201c <\/em>povodom osamdesetog ro\u0111endana profesora emeritusa dr.sc. Ive Andrijani\u0107a. Duh koji je profesor Andrijani\u0107 svojim radom ugradio u Sveu\u010dili\u0161te Libertas postalo je samo srce na\u0161e institucije! Konferencija je okupila mnoge prijatelje, znanstvenike i gospodarstvenike od kojih su ve\u0107ina upoznala profesora Andrijani\u0107a jo\u0161 kao studenti, a koji nastavljaju suradnju i prijateljstvo s profesorom jo\u0161 i danas. Radovi izlaga\u010da konferencije dostupni su u Zborniku radova Sveu\u010dili\u0161ta Libertas.<\/p>\n<p><img loading=\"lazy\" decoding=\"async\" class=\"alignnone size-full wp-image-6949\" src=\"https:\/\/www.libertas.hr\/wp-content\/uploads\/2019\/01\/physiotherapie-croatica-2018.png\" alt=\"\" width=\"1200\" height=\"800\" \/><\/p>\n<p>Sljede\u0107e znanstveno doga\u0111anje, <em>\u201cPhysiotherapie Croatica 2018\u201d<\/em> odr\u017ealo se u lipnju u organizaciji Hrvatskog zbora fizioterapeuta i Sveu\u010dili\u0161ta Libertas te je okupilo brojne stru\u010dnjake iz Hrvatske i inozemstva s podru\u010dja fizioterapije. Pokretanjem sveu\u010dili\u0161nog preddiplomskog studija Fizioterapije na\u0161e Sveu\u010dili\u0161te doprinosi ovoj va\u017enoj grani medicine, a na ovom znanstvenom skupu iskazala se va\u017enost fizioterapije, uloga fizioterapeuta u prevenciji i lije\u010denju odre\u0111enih bolesti, te se po prvi puta govorilo o fizioterapiji kao znanstvenoj grani. Iz programa se posebno istaknuo panel Alana \u0160usti\u0107a i Stanislava Pehareca o primjeni mi\u0161i\u0107no-ko\u0161tanog ultrazvuka u fizioterapiji.<\/p>\n<p><iframe title=\"Conference - \u201eThe Phoenicians&#039; Route: Between Tourism and Inter-cultural Dialogue\u201d\" width=\"800\" height=\"450\" src=\"https:\/\/www.youtube.com\/embed\/ZrqZ5xDpgQg?feature=oembed\" frameborder=\"0\" allow=\"accelerometer; autoplay; clipboard-write; encrypted-media; gyroscope; picture-in-picture; web-share\" referrerpolicy=\"strict-origin-when-cross-origin\" allowfullscreen><\/iframe><\/p>\n<p>Pro\u0161le je godine, po prvi puta u Zagrebu i Hrvatskoj, odr\u017eana trodnevna konferencija <em>\u201cXI. konferencija euro-mediteranskog interkulturnog dijaloga na Feni\u010danskoj ruti\u201d<\/em> kao i Glavna skup\u0161tina Feni\u010danske rute \u2013 kulturne rute Vije\u0107a Europe, u organizaciji Me\u0111unarodnog sveu\u010dili\u0161ta Libertas, u partnerstvu s Arheolo\u0161kim muzejom u Zagrebu, uz podr\u0161ku TZ grada Zagreba i TZ Zagreba\u010dke \u017eupanije, te uz pokroviteljstvo Ministarstva turizma RH. Feni\u010danska kulturna ruta je certificirana Europska kulturna ruta Vije\u0107a Europe koja se pru\u017ea na 3 kontinenta te okuplja 18 mediteranskih zemalja i 80 gradova. Ponosni smo \u0161to je Hrvatska upravo kroz Libertas me\u0111unarodno sveu\u010dili\u0161te \u010dlanica Feni\u010danske kulturne rute Vije\u0107a Europe, i to od 2017. godine. Petnaestak me\u0111unarodnih govornika iz Italije, \u0160panjolske, Francuske, Gr\u010dke, Libanona, Cipra, Malte, Luxembourga te velik broj doma\u0107ih stru\u010dnjaka raspravljali su pitanja razvitka kvalitetnog, odr\u017eivog i odgovornog arheolo\u0161kog turizma.<\/p>\n<p><img loading=\"lazy\" decoding=\"async\" class=\"alignnone size-full wp-image-6951\" src=\"https:\/\/www.libertas.hr\/wp-content\/uploads\/2019\/01\/Zagreb-Forum_III.png\" alt=\"\" width=\"1200\" height=\"800\" \/><br \/>\nZapadni Balkan u suvremenim me\u0111unarodnim odnosima i energetska sigurnost bile su glavne teme konferencije <em>Zagreb Forum III &#8220;Energy Security and Western Balkan&#8221;<\/em> odr\u017eane 6. prosinca u organizaciji Centra za me\u0111unarodne studije te pod visokim pokroviteljstvom Grada Zagreba na Libertas me\u0111unarodnom sveu\u010dili\u0161tu, a koja je okupila brojne studente, uva\u017eene goste i partnere.<\/p>\n<p><img loading=\"lazy\" decoding=\"async\" class=\"alignnone size-full wp-image-6953\" src=\"https:\/\/www.libertas.hr\/wp-content\/uploads\/2019\/01\/konferencija_migracije_i_identitet.png\" alt=\"\" width=\"1200\" height=\"800\" \/><\/p>\n<p>7.prosinca na Sveu\u010dili\u0161tu Libertas su odr\u017eana tri paralelna panela u sklopu prve me\u0111unarodne konferencije <em>\u201eMigracije i identitet: kultura, ekonomija, dr\u017eava\u201d<\/em> u organizaciji Instituta za migracije i narodnosti, a koja se odr\u017eavala u Zagrebu na vi\u0161e lokacija. Program konferencije oslonio se na goru\u0107i problem hrvatskog dru\u0161tva &#8211; iseljavanje stanovni\u0161tva. Na doga\u0111anju je sudjelovalo vi\u0161e od 200 znanstvenika i migracijskih stru\u010dnjaka u regiji koji su pokrili vrlo \u0161irok spektar aktualnih tema s podru\u010dja unutarnjih i vanjskih migracija, nacionalnih manjina i hrvatske dijaspore, a na Libertasu su odr\u017eana 3 panela: \u201cNacionalne manjine dr\u017eava u regiji\u201d i \u201cIzbjeglice, azilanti, migranti\u201d, te \u201cMigracija, remigracija i azil\u201d.<\/p>\n<h2><strong><span style=\"color: #0000ff;\">Sve\u010dana ceremonija dodjele uvjerenja za prve Kineze turisti\u010dke vodi\u010de za Grad Zagreb<\/span><\/strong><\/h2>\n<p>Ponosimo se \u0161to smo prva obrazovna institucija koja je odr\u017eala seminar za turisti\u010dkog vodi\u010da grada Zagreba za strane dr\u017eavljane. 11. travnja je na na\u0161em Sveu\u010dili\u0161tu odr\u017eana sve\u010dana ceremonija dodjele uvjerenja za prve kineske turisti\u010dke vodi\u010de za Grad Zagreb, a na sve\u010danoj ceremoniji prisustvovao i Njegova Ekscelencija g. ZHAOMING HU.<\/p>\n<p><img loading=\"lazy\" decoding=\"async\" class=\"alignnone size-full wp-image-6955\" src=\"https:\/\/www.libertas.hr\/wp-content\/uploads\/2019\/01\/ceremonija-dodjele-uvjerenja-za-16-kineskih-turistickih-vodica.jpg\" alt=\"\" width=\"1024\" height=\"683\" \/><\/p>\n<p>Grad Zagreb je na ovaj na\u010din dobio po prvi puta <strong>16 Kineza turisti\u010dkih vodi\u010da<\/strong> koji su organizirano pristupili obrazovanju na na\u0161em Sveu\u010dili\u0161tu, a sve sa \u017eeljom da svojim sunarodnjacima predstavljaju ljepote Republike Hrvatske i Grada Zagreba na \u0161to kvalitetniji na\u010din. Uz to, sve\u010danom ceremonijom predstavljeno je i osnivanje Udruge kineskog turizma na Balkanu i Udruge turisti\u010dkih vodi\u010da na kineskom jeziku kojima je cilj povezati vodi\u010de kako bi turistima boravak u\u010dinili \u0161to ugodnijim. Isto tako, razlike u kulturama najlak\u0161e \u0107e se premostiti preko ve\u0107 integriranih Kineza kao \u0161to su kineski vodi\u010di.<\/p>\n<h2><strong><span style=\"color: #0000ff;\">Sportski uspjesi na\u0161ih studenata<\/span><\/strong><\/h2>\n<p>Brojni Liberta\u0161i su mladi i uspje\u0161ni sporta\u0161i koji uz svakodnevne akademske obaveze vje\u0161to uskla\u0111uju s treninzima, \u0161to potvr\u0111uju njihovi sjajni pro\u0161logodi\u0161nji rezultati.<\/p>\n<p><img loading=\"lazy\" decoding=\"async\" class=\"alignnone size-full wp-image-6957\" src=\"https:\/\/www.libertas.hr\/wp-content\/uploads\/2019\/01\/sportski-uspjesi-nasih-studenata.png\" alt=\"\" width=\"1200\" height=\"800\" \/><br \/>\nLibertasova futsal ekipa s Antunom Jane\u0161em na \u010delu osvojila je 1. mjesto na Malonogometnoj ligi Megaton. Filip Arkulin i njegova ekipa MNK Alumnus osvojili su tre\u0107e mjesto u zavr\u0161nici Prvenstva Hrvatske u malom nogometu, odnosno u futsalu u juniorskom uzrastu. Mladi ko\u0161arka\u0161 Ivan Perkovi\u0107 je sa svojim klubom Bosco izborio ulazak u prvu ligu \u2013 HT Premier liga, atleti\u010darka Valentina Kramari\u0107 obranila je pro\u0161logodi\u0161nje srebro u utrci na 100 metara na Sveu\u010dili\u0161nom Prvenstvu Zagreba, juda\u0161 Marijan Kraljevi\u0107 osvojio je titulu dr\u017eavnog prvaka u Prvenstvo Hrvatske u katama (RIjeka). Hrvatski teakwondo reprezentativac Deni Andrun Razi\u0107 okrunio se broncom na Europskom prvenstvu u Kazanu u Rusiji, srebrom na \u201cBeirut Open 2018\u201d me\u0111unarodnom turniru G1 kategorije i jo\u0161 jednim srebrom na \u201c24th Zagreb Croatia Open\u201d.<\/p>\n<p>Paraolimpijka i ponajbolja hrvatska stolnotenisa\u010dica s invaliditetom An\u0111ela Mu\u017eini\u0107 osvojila je bron\u010dane medalju na Otvorenom parastolnoteniskom prvenstvu Kine u Pekingu (kolovoz) i SP-u za osobe s invaliditetom u Celju (listopad).<\/p>\n<p>\u010cestitamo svima na nastupima, upornosti, uspjesima i \u017eelimo im puno sre\u0107e i uspjeha u budu\u0107im sportskim i akademskim planovima!<\/p>\n<p><img loading=\"lazy\" decoding=\"async\" class=\"alignnone size-full wp-image-6959\" src=\"https:\/\/www.libertas.hr\/wp-content\/uploads\/2019\/01\/sveucilisna-planinarenja.png\" alt=\"\" width=\"1200\" height=\"800\" \/><\/p>\n<p>Ne smijemo zaboraviti istaknuti sveu\u010dili\u0161na planinarenja na\u0161ih studenata avanturista koji su uz stru\u010dno vodstvo profesora Ivora Altarasa Pende u 2018. godini osvojili \u010dak 5 planinskih vrhova u Hrvatskoj i Sloveniji!<\/p>\n<h2><strong><span style=\"color: #0000ff;\">Top 10 naj\u010ditanijih Savjeta i vodi\u010da<\/span><\/strong><\/h2>\n<p><img loading=\"lazy\" decoding=\"async\" class=\"alignnone size-full wp-image-6961\" src=\"https:\/\/www.libertas.hr\/wp-content\/uploads\/2019\/01\/sveuciliste-libertas-najcitaniji-clanci-2018-1.jpeg\" alt=\"\" width=\"1124\" height=\"750\" \/><\/p>\n<p>I za sam kraj, \u0161to se najvi\u0161e \u010ditalo u rubrici <a href=\"https:\/\/arhiva.libertas.hr\/za-studente\/savjeti-i-vodici\/\"><strong>Savjeti i vodi\u010di<\/strong><\/a>? Deset naj\u010ditanijih je u nastavku:<\/p>\n<ol>\n<li><a href=\"http:\/\/www.libertas.hr\/za-studente\/kako-lakse-pamtiti-i-zapamtiti\/\">Kako lak\u0161e pamtiti i zapamtiti<\/a><\/li>\n<li><a href=\"https:\/\/arhiva.libertas.hr\/za-studente\/kako-se-fokusirati-na-ucenje\/\">Kako se fokusirati na u\u010denje<\/a><\/li>\n<li><a href=\"https:\/\/arhiva.libertas.hr\/za-studente\/kako-pravilno-odrediti-prioritete-i-organizirati-svoje-vrijeme\/\">Kako pravilno odrediti prioritete i organizirati svoje vrijeme<\/a><\/li>\n<li><a href=\"https:\/\/arhiva.libertas.hr\/za-studente\/napravi-genijalnu-prezentaciju-koristeci-besplatne-predloske\/\">Napravi genijalnu prezentaciju koriste\u0107i besplatne predlo\u0161ke<\/a><\/li>\n<li><a href=\"https:\/\/arhiva.libertas.hr\/za-studente\/besplatne-online-edukacije-koje-ne-smijes-propustiti\/\">Besplatne online edukacije koje ne smije\u0161 propustiti<\/a><\/li>\n<li><a href=\"https:\/\/arhiva.libertas.hr\/za-studente\/izdvoji-se-napisi-genijalan-zivotopis\/\">Izdvoji se &#8211; napi\u0161i genijalan \u017eivotopis!<\/a><\/li>\n<li><a href=\"https:\/\/arhiva.libertas.hr\/za-studente\/imas-razgovor-za-posao-rasturi-ga-uz-par-trikova\/\">Ima\u0161 razgovor za posao? Rasturi ga uz par trikova<\/a><\/li>\n<li><a href=\"https:\/\/arhiva.libertas.hr\/za-studente\/ostavite-najbolji-dojam-na-poslodavca-i-strucnu-praksu-pretvorite-u-stalni-posao\/\">Ostavite najbolji dojam na poslodavca i stru\u010dnu praksu pretvorite u stalni posao<\/a><\/li>\n<li><a href=\"https:\/\/arhiva.libertas.hr\/za-studente\/najbolji-freelance-poslovi-za-studente\/\">Najbolji freelance poslovi za studente<\/a><\/li>\n<li><a href=\"https:\/\/arhiva.libertas.hr\/novosti\/iskustvo-s-medunarodne-razmjene-mladih-studentice-medunarodnih-odnosa-kristine-grabovac\/\">Iskustvo s me\u0111unarodne razmjene mladih studentice Me\u0111unarodnih odnosa \u2013 Kristine Grabovac<\/a><\/li>\n<\/ol>\n","protected":false},"excerpt":{"rendered":"<p>Na po\u010detku nove godine, osvr\u0107emo se na uspjehe, doga\u0111anja, novitete, inicijative i ljude koji su obilje\u017eili Libertasovu zajednicu u protekloj godini. #Libertaspromocija &#8211; \u010cestitke diplomantima generacije 2018 U 2018. godini smo proslavili \u010dak tri sve\u010dane promocije &#8211; 5. lipnja i 30. studenog u Zagrebu u Zagreba\u010dkom kazali\u0161tu mladih i 12. prosinca u hotelu Excelsior u [&hellip;]<\/p>\n","protected":false},"author":5,"featured_media":15446,"comment_status":"closed","ping_status":"open","sticky":false,"template":"","format":"standard","meta":{"footnotes":""},"categories":[24,25],"tags":[],"class_list":["post-15445","post","type-post","status-publish","format-standard","has-post-thumbnail","hentry","category-novosti","category-savjeti-i-vodici"],"_links":{"self":[{"href":"https:\/\/www.libertas.hr\/en\/wp-json\/wp\/v2\/posts\/15445","targetHints":{"allow":["GET"]}}],"collection":[{"href":"https:\/\/www.libertas.hr\/en\/wp-json\/wp\/v2\/posts"}],"about":[{"href":"https:\/\/www.libertas.hr\/en\/wp-json\/wp\/v2\/types\/post"}],"author":[{"embeddable":true,"href":"https:\/\/www.libertas.hr\/en\/wp-json\/wp\/v2\/users\/5"}],"replies":[{"embeddable":true,"href":"https:\/\/www.libertas.hr\/en\/wp-json\/wp\/v2\/comments?post=15445"}],"version-history":[{"count":0,"href":"https:\/\/www.libertas.hr\/en\/wp-json\/wp\/v2\/posts\/15445\/revisions"}],"wp:featuredmedia":[{"embeddable":true,"href":"https:\/\/www.libertas.hr\/en\/wp-json\/wp\/v2\/media\/15446"}],"wp:attachment":[{"href":"https:\/\/www.libertas.hr\/en\/wp-json\/wp\/v2\/media?parent=15445"}],"wp:term":[{"taxonomy":"category","embeddable":true,"href":"https:\/\/www.libertas.hr\/en\/wp-json\/wp\/v2\/categories?post=15445"},{"taxonomy":"post_tag","embeddable":true,"href":"https:\/\/www.libertas.hr\/en\/wp-json\/wp\/v2\/tags?post=15445"}],"curies":[{"name":"wp","href":"https:\/\/api.w.org\/{rel}","templated":true}]}}