{"id":15390,"date":"2019-02-25T08:00:19","date_gmt":"2019-02-25T08:00:19","guid":{"rendered":"https:\/\/www.libertas.hr\/uncategorized-hr\/rok-za-prijavu-za-sudjelovanje-u-erasmus-programu\/"},"modified":"2019-02-25T08:00:19","modified_gmt":"2019-02-25T08:00:19","slug":"rok-za-prijavu-za-sudjelovanje-u-erasmus-programu","status":"publish","type":"post","link":"https:\/\/www.libertas.hr\/en\/novosti\/rok-za-prijavu-za-sudjelovanje-u-erasmus-programu\/","title":{"rendered":"Rok za prijavu za sudjelovanje u Erasmus+ programu &#8211; 31.03.2019.!"},"content":{"rendered":"<p><img fetchpriority=\"high\" decoding=\"async\" class=\"alignnone size-full wp-image-7473\" src=\"https:\/\/www.libertas.hr\/wp-content\/uploads\/2023\/11\/erasmus.jpg\" alt=\"\" width=\"1200\" height=\"628\" \/><\/p>\n<p>Obavje\u0161tavamo studente i profesore da je objavljen natje\u010daj za Erasmus 2019.\/2020. godine. Mogu\u0107e se prijaviti za studijski boravak ili stru\u010dnu praksu. Rok za prijavu je <strong>31.o\u017eujka\u00a02019<\/strong>. Natje\u010daje za studijski boravak preuzmite<a href=\"https:\/\/arhiva.libertas.hr\/wp-content\/uploads\/2019\/02\/Natjecaj-studij-boravak-2019-2020.pdf\">\u00a0ovdje<\/a>, a za stru\u010dnu praksu <a href=\"https:\/\/arhiva.libertas.hr\/wp-content\/uploads\/2019\/02\/natjecaj-praksa-2019-2020.pdf\">ovdje.<\/a><\/p>\n<p>Svi studenti koji imaju vi\u0161e od 60 ECTS bodova imaju pravo na prijavu.<\/p>\n<p>Pozivamo \u0161to vi\u0161e studenata na prijavu kako bi stekli znanja i iskustva na inozemenim sveu\u010dili\u0161tima i visokim \u0161kolama u zemljama Europske unije. Takva iskustva kao i ste\u010dena prijateljstva nisu samo nezaboravne uspomene ve\u0107 se njima posti\u017ee i konkurentnost na tr\u017ei\u0161tu rada.<\/p>\n<p>Erasmus+ je najve\u0107i program Europske unije za obrazovanje, osposobljavanje, mlade i sport. Program je usmjeren ja\u010danju znanja i vje\u0161tina, kao i zapo\u0161ljivosti europskih gra\u0111ana. Posebno je usmjeren na unaprje\u0111enje obrazovanja, osposobljavanja i rada u podru\u010dju mladih i sporta. Erasmus+ nudi mogu\u0107nosti me\u0111unarodne mobilnosti za pojedince i me\u0111unarodne suradnje za organizacije, me\u0111u ostalim i provo\u0111enje razdoblja studija u inozmestvu, obavljanje stru\u010dne prakse, stru\u010dna usavr\u0161avanja i osposobljavanja, volontiranja, razmjene mladih, te rad na me\u0111unarodnim projektima usmjerenim na modernizaciju i internacionalizaciju sektora obrazovanja, osposobljavanja, mladih i sporta.<\/p>\n<p>Za sva pitanja u vezi Erasmus+ programa, kao i za postupak prijave, obratite se<strong> Martini Glavan<\/strong> na mail: <strong>martinaglavan6@gmail.com<\/strong><\/p>\n<p>&nbsp;<\/p>\n<p><strong>Popis visokih u\u010dili\u0161ta s kojima Libertas me\u0111unarodno sveu\u010dili\u0161te sura\u0111uje je u nastavku:<\/strong><\/p>\n<ul>\n<li><a href=\"https:\/\/www.um.si\/en\/international\/erasmus\/Pages\/default.aspx\" target=\"_blank\" rel=\"noopener\"><strong>Univerza v Mariboru<\/strong><\/a><strong>, Fakulteta za turizem, Bre\u017eice, Slovenia (THM) &#8211; preddiplomska i diplomska razina<br \/>\n<\/strong><\/li>\n<li><a href=\"https:\/\/en.ipca.pt\/\" target=\"_blank\" rel=\"noopener\"><strong>Instituto Polit\u00e9cnico do C\u00e1vado e do Ave<\/strong><\/a><strong>, Portugal (BA) \u2013 preddiplomska razina<\/strong><\/li>\n<li><a href=\"https:\/\/www.mastersportal.com\/universities\/954\/beykent-university.html\" target=\"_blank\" rel=\"noopener\"><strong>Sveu\u010dili\u0161te Beykent<\/strong><\/a><strong>, Istanbul, Turska (BA) &#8211; preddiplomska razina<br \/>\n<\/strong><\/li>\n<li><a href=\"http:\/\/mendelu.cz\/en\/\" target=\"_blank\" rel=\"noopener\"><strong>Mendel University in Brno<\/strong><\/a><strong> (BA) \u2013 preddiplomska i diplomska razina<br \/>\n<\/strong><\/li>\n<li><a href=\"https:\/\/erasmus.thk.edu.tr\/\" target=\"_blank\" rel=\"noopener\"><strong>University of Turkish Aeronautical Association<\/strong><\/a><strong> &#8211; Ankara (BA) &#8211; preddiplomska razina<br \/>\n<\/strong><\/li>\n<li><a href=\"http:\/\/www.iulm.com\/\" target=\"_blank\" rel=\"noopener\"><strong>IULM International University of Languages and Media<\/strong><\/a><strong> (THM, predavanje na talijanskom jeziku) &#8211; preddiplomska razina<br \/>\n<\/strong><\/li>\n<li><a href=\"http:\/\/www.turiba.lv\/en\/studijas\/full-time-studies-in-english\/292\/\" target=\"_blank\" rel=\"noopener\"><strong>Turiba University iz Rige<\/strong><\/a><strong>, Latvija (BA,THM) <b><\/b>&#8211; preddiplomska i diplomska razina<br \/>\n<\/strong><\/li>\n<li><a href=\"https:\/\/www.unipage.net\/en\/7454\/malopolska_school_of_economics_in_tarnow\" target=\"_blank\" rel=\"noopener\"><strong>Malopolska School of Economics iz Tarnowa<\/strong><\/a><strong>, Poljska (THM,BA) &#8211; preddiplomska i diplomska razina<br \/>\n<\/strong><\/li>\n<li><a href=\"https:\/\/www.ual.es\/\" target=\"_blank\" rel=\"noopener\"><strong>Universitad de Almeria<\/strong><\/a><strong>, \u0160panjolska (THM,BA) \u2013 preddiplomska razina<br \/>\n<\/strong><\/li>\n<li><a href=\"https:\/\/www.uhu.es\/index.php\" target=\"_blank\" rel=\"noopener\"><strong>Universidad de Huelva<\/strong><\/a><strong>, \u0160panjolska (BA) \u2013 preddiplomska razina<br \/>\n<\/strong><\/li>\n<li><a href=\"https:\/\/www.uma.es\/?set_language=en\" target=\"_blank\" rel=\"noopener\"><strong>University of Malaga<\/strong><\/a><strong>, \u0160panjolska (BA) <b> <\/b>\u2013 preddiplomska razina<br \/>\n<\/strong><\/li>\n<li><a href=\"https:\/\/www.unic.ac.cy\/\" target=\"_blank\" rel=\"noopener\"><strong>University of Nicosia<\/strong><\/a><strong>, Cipar (BA, THM) \u2013 preddiplomska razina<br \/>\n<\/strong><\/li>\n<li><a href=\"https:\/\/ec.europa.eu\/growth\/tools-databases\/regional-innovation-monitor\/organisation\/alexander-technological-educational-institute-ateith-thessaloniki\" target=\"_blank\" rel=\"noopener\"><strong>Alexander Technological Educational Institute of Thessaloniki (ATEITH)<\/strong><\/a><strong>, Gr\u010dka (BA, THM) &#8211; preddiplomska i diplomska razina<br \/>\n<\/strong><\/li>\n<li><a href=\"http:\/\/www.vspv.si\/\" target=\"_blank\" rel=\"noopener\"><strong>Visoka \u0161ola za poslovne vede<\/strong><\/a><strong>, Slovenija (BA)<b> <\/b>&#8211; preddiplomska i diplomska razina<\/strong><\/li>\n<li><a href=\"https:\/\/vum.bg\/\" target=\"_blank\" rel=\"noopener\"><strong>The International University College<\/strong><\/a><strong>, Bugarska (BA, THM) &#8211; preddiplomska i diplomska razina<\/strong><\/li>\n<li><strong><a href=\"https:\/\/www.udg.edu\/ca\/\" target=\"_blank\" rel=\"noopener\">Universitat de Girona<\/a>, \u0160panjolska (THM, BA) (potrebno znanje \u0161panjolskog) \u00a0&#8211; preddiplomska i diplomska razina<\/strong><\/li>\n<li><strong><a href=\"https:\/\/www.wsei.lublin.pl\/\" target=\"_blank\" rel=\"noopener\">Visoka \u0161kola ekonomije i inovacije u Lublinu<\/a>, Poljska (BA) &#8211; preddiplomska i diplomska razina<\/strong><\/li>\n<li><strong><a href=\"http:\/\/en.san.edu.pl\/\" target=\"_blank\" rel=\"noopener\">University of Social Sciences<\/a>&#8211; Lodz, Poland (BA) &#8211; preddiplomska i diplomska razina<\/strong><\/li>\n<li><strong><a href=\"http:\/\/en.cbu.edu.tr\/\" target=\"_blank\" rel=\"noopener\"> Manisa Celal Bayar University<\/a>, Manisa, Turska (IR Diplomacy) &#8211; preddiplomska i diplomska razina<\/strong><\/li>\n<li><strong><a href=\"https:\/\/antalya.edu.tr\/en\" target=\"_blank\" rel=\"noopener\">International Antalya University, <\/a><a href=\"https:\/\/antalya.edu.tr\/en\" target=\"_blank\" rel=\"noopener\">Antalya, Turska (IR Diplomacy) <\/a>&#8211; preddiplomska razina<\/strong><\/li>\n<li><strong><a href=\"https:\/\/www.oth-regensburg.de\/\" target=\"_blank\" rel=\"noopener\">OTH Regensburg<\/a>, Njema\u010dka (IR Diplomacy, BA) &#8211; preddiplomska razina <\/strong>\n<div><\/div>\n<\/li>\n<li><strong><a href=\"https:\/\/en.uj.edu.pl\/en_GB\/start\">Jagiellonian University<\/a>, Poljska (IR) &#8211; preddiplomska i diplomska razina<\/strong><\/li>\n<li><strong><a href=\"http:\/\/www.balikesir.edu.tr\/baun_eng\">Balikesir University<\/a>, Turska (TMH, BA) &#8211; preddiplomska razina<\/strong><\/li>\n<li><strong><a href=\"https:\/\/www.kvk.lt\/lt\/\">Klaipeda State University of Applied Sciences<\/a>, Litva (FIZ, THM, BA) &#8211; preddiplomska razina<\/strong><\/li>\n<li><strong><a href=\"http:\/\/www.uksw.edu.pl\/en\/\">Cardinal Stefan Wyszy\u0144ski University in Warsaw<\/a>, Poljska (IR, BA) &#8211; preddiplomska razina<\/strong><\/li>\n<li><strong><a href=\"http:\/\/podyplomowe.kpsw.edu.pl\/\">Kujawy and Pomorze University in Bydgoszcz<\/a>, Poljska (BA) &#8211; preddiplomska razina<\/strong><\/li>\n<li><strong><a href=\"https:\/\/www.gre.ac.uk\/\">University of Greenwich<\/a>, London, UK (BA, IR, THM) &#8211; prediplomska i diplomska razina<\/strong><\/li>\n<li><strong><a href=\"https:\/\/www.kapadokya.edu.tr\/infopack\/\">Cappadocia University<\/a>, Turska (FIZ, IR) &#8211; preddiplomska razina<\/strong><\/li>\n<\/ul>\n<p>&nbsp;<\/p>\n<div>\n<div class=\"m_7880244018985640508gmail-m_6746260198672551363_1mj m_7880244018985640508gmail-m_6746260198672551363_1mf\"><b>Pro\u010ditajte iskustva na\u0161ih studenata s me\u0111unarodne razmjene:<\/b><\/div>\n<\/div>\n<div>\n<div class=\"m_7880244018985640508gmail-m_6746260198672551363_1mj m_7880244018985640508gmail-m_6746260198672551363_1mf\"><b>1.\u00a0<span style=\"color: #ff6600;\"><a style=\"color: #ff6600;\" href=\"https:\/\/arhiva.libertas.hr\/za-studente\/iskustvo-s-razmjene-studenata-adnan-kulenovic-latvija\/\" target=\"_blank\" rel=\"noopener\" data-saferedirecturl=\"https:\/\/www.google.com\/url?hl=en&amp;q=https:\/\/arhiva.libertas.hr\/za-studente\/iskustvo-s-razmjene-studenata-adnan-kulenovic-latvija\/&amp;source=gmail&amp;ust=1508917729160000&amp;usg=AFQjCNGPHotwf5K9XXh9SWcEwplp7PKhug\">Adnan Kulenovi\u0107 &#8211; Latvija<\/a><\/span><\/b><\/div>\n<div class=\"m_7880244018985640508gmail-m_6746260198672551363_1mj m_7880244018985640508gmail-m_6746260198672551363_1mf\"><span style=\"color: #ff6600;\"><b><span style=\"color: #333333;\">2.<\/span> <a style=\"color: #ff6600;\" href=\"https:\/\/arhiva.libertas.hr\/za-studente\/iskustvo-s-razmjene-studenata-dina-gugo-poljska\/\" target=\"_blank\" rel=\"noopener\" data-saferedirecturl=\"https:\/\/www.google.com\/url?hl=en&amp;q=https:\/\/arhiva.libertas.hr\/za-studente\/iskustvo-s-razmjene-studenata-dina-gugo-poljska\/&amp;source=gmail&amp;ust=1508917729160000&amp;usg=AFQjCNEBgHxnvCsxKPxDbaBE-JUPG3-raQ\">Dina Gugo &#8211; Poljska<\/a><\/b><\/span><\/div>\n<div class=\"m_7880244018985640508gmail-m_6746260198672551363_1mj m_7880244018985640508gmail-m_6746260198672551363_1mf\"><span style=\"color: #ff6600;\"><b><span style=\"color: #333333;\">3.<\/span> <a style=\"color: #ff6600;\" href=\"https:\/\/arhiva.libertas.hr\/za-studente\/iskustvo-s-razmjene-studenata-marijana-bosnjak-spanjolska\/\" target=\"_blank\" rel=\"noopener\" data-saferedirecturl=\"https:\/\/www.google.com\/url?hl=en&amp;q=https:\/\/arhiva.libertas.hr\/za-studente\/iskustvo-s-razmjene-studenata-marijana-bosnjak-spanjolska\/&amp;source=gmail&amp;ust=1508917729160000&amp;usg=AFQjCNHNhVnrwHpdE26uLjwd2ryYdBPPiQ\">Marija Bo\u0161njak &#8211; \u0160panjolska<\/a><\/b><\/span><\/div>\n<\/div>\n<div>\n<div class=\"m_7880244018985640508gmail-m_6746260198672551363_1mj m_7880244018985640508gmail-m_6746260198672551363_1mf\"><span style=\"color: #ff6600;\"><b><span style=\"color: #333333;\">4.<\/span> <a style=\"color: #ff6600;\" href=\"https:\/\/arhiva.libertas.hr\/za-studente\/iskustvo-s-razmjene-studenata-tibor-huzjan-poljska\/\" target=\"_blank\" rel=\"noopener\" data-saferedirecturl=\"https:\/\/www.google.com\/url?hl=en&amp;q=https:\/\/arhiva.libertas.hr\/za-studente\/iskustvo-s-razmjene-studenata-tibor-huzjan-poljska\/&amp;source=gmail&amp;ust=1508917729160000&amp;usg=AFQjCNHnaoDHsUNIBYxCzRqxtelLgcQaUg\">Tibor Huzjan &#8211; Poljska<\/a><\/b><\/span><\/div>\n<div><span style=\"color: #ff6600;\"><strong><span style=\"color: #333333;\">5.<\/span> <a style=\"color: #ff6600;\" href=\"https:\/\/arhiva.libertas.hr\/za-studente\/iskustvo-s-razmjene-studenata-ajla-gabrijela-i-ivana-latvija\/\">Ajla, Gabrijela i Ivana &#8211; Latvija<\/a><\/strong><\/span><\/div>\n<\/div>\n<p><img decoding=\"async\" class=\"aligncenter size-full wp-image-5045\" src=\"https:\/\/www.libertas.hr\/wp-content\/uploads\/2018\/04\/erasmus-logo1_0-1.png\" alt=\"\" width=\"1600\" height=\"900\" \/><\/p>\n","protected":false},"excerpt":{"rendered":"<p>Obavje\u0161tavamo studente i profesore da je objavljen natje\u010daj za Erasmus 2019.\/2020. godine. Mogu\u0107e se prijaviti za studijski boravak ili stru\u010dnu praksu. Rok za prijavu je 31.o\u017eujka\u00a02019. Natje\u010daje za studijski boravak preuzmite\u00a0ovdje, a za stru\u010dnu praksu ovdje. Svi studenti koji imaju vi\u0161e od 60 ECTS bodova imaju pravo na prijavu. Pozivamo \u0161to vi\u0161e studenata na prijavu [&hellip;]<\/p>\n","protected":false},"author":5,"featured_media":15391,"comment_status":"closed","ping_status":"open","sticky":false,"template":"","format":"standard","meta":{"footnotes":""},"categories":[24],"tags":[],"class_list":["post-15390","post","type-post","status-publish","format-standard","has-post-thumbnail","hentry","category-novosti"],"_links":{"self":[{"href":"https:\/\/www.libertas.hr\/en\/wp-json\/wp\/v2\/posts\/15390","targetHints":{"allow":["GET"]}}],"collection":[{"href":"https:\/\/www.libertas.hr\/en\/wp-json\/wp\/v2\/posts"}],"about":[{"href":"https:\/\/www.libertas.hr\/en\/wp-json\/wp\/v2\/types\/post"}],"author":[{"embeddable":true,"href":"https:\/\/www.libertas.hr\/en\/wp-json\/wp\/v2\/users\/5"}],"replies":[{"embeddable":true,"href":"https:\/\/www.libertas.hr\/en\/wp-json\/wp\/v2\/comments?post=15390"}],"version-history":[{"count":0,"href":"https:\/\/www.libertas.hr\/en\/wp-json\/wp\/v2\/posts\/15390\/revisions"}],"wp:featuredmedia":[{"embeddable":true,"href":"https:\/\/www.libertas.hr\/en\/wp-json\/wp\/v2\/media\/15391"}],"wp:attachment":[{"href":"https:\/\/www.libertas.hr\/en\/wp-json\/wp\/v2\/media?parent=15390"}],"wp:term":[{"taxonomy":"category","embeddable":true,"href":"https:\/\/www.libertas.hr\/en\/wp-json\/wp\/v2\/categories?post=15390"},{"taxonomy":"post_tag","embeddable":true,"href":"https:\/\/www.libertas.hr\/en\/wp-json\/wp\/v2\/tags?post=15390"}],"curies":[{"name":"wp","href":"https:\/\/api.w.org\/{rel}","templated":true}]}}