{"id":15370,"date":"2019-07-18T08:00:23","date_gmt":"2019-07-18T08:00:23","guid":{"rendered":"https:\/\/www.libertas.hr\/uncategorized-hr\/libertas-je-jedno-od-10-sveucilista-u-hrvatskoj\/"},"modified":"2025-05-27T11:00:49","modified_gmt":"2025-05-27T11:00:49","slug":"libertas-je-jedno-od-10-sveucilista-u-hrvatskoj","status":"publish","type":"post","link":"https:\/\/www.libertas.hr\/en\/novosti\/libertas-je-jedno-od-10-sveucilista-u-hrvatskoj\/","title":{"rendered":"Libertas je jedno od 10 sveu\u010dili\u0161ta u Hrvatskoj"},"content":{"rendered":"<p><img fetchpriority=\"high\" decoding=\"async\" class=\"aligncenter size-full wp-image-5366\" src=\"https:\/\/www.libertas.hr\/wp-content\/uploads\/2018\/05\/azvo-logo.jpg\" alt=\"\" width=\"945\" height=\"290\" \/><\/p>\n<p style=\"text-align: justify;\">U Hrvatskoj postoji ukupno <strong>10 sveu\u010dili\u0161ta<\/strong>, 8 dr\u017eavnih i 2 privatna \u2013 Sveu\u010dili\u0161te Libertas i Hrvatsko katoli\u010dko sveu\u010dili\u0161te. Sve druge visoko\u0161kolske institucije su visoke \u0161kole ili veleu\u010dili\u0161ta.<\/p>\n<ol>\n<li style=\"text-align: justify;\">Sveu\u010dili\u0161te u Zagrebu<\/li>\n<li style=\"text-align: justify;\"><strong>Sveu\u010dili\u0161te Libertas (Zagreb)<\/strong><\/li>\n<li style=\"text-align: justify;\">Hrvatsko katoli\u010dko sveu\u010dili\u0161te (Zagreb)<\/li>\n<li style=\"text-align: justify;\">Sveu\u010dili\u0161te J. J. Strossmayera (Osijek)<\/li>\n<li style=\"text-align: justify;\">Sveu\u010dili\u0161te Juraj Dobrila (Pula)<\/li>\n<li style=\"text-align: justify;\">Sveu\u010dili\u0161te u Rijeci<\/li>\n<li style=\"text-align: justify;\">Sveu\u010dili\u0161te u Zadru<\/li>\n<li style=\"text-align: justify;\">Sveu\u010dili\u0161te u Splitu<\/li>\n<li style=\"text-align: justify;\">Sveu\u010dili\u0161te u Dubrovniku<\/li>\n<li style=\"text-align: justify;\">Sveu\u010dili\u0161te Sjever (Vara\u017edin)<\/li>\n<\/ol>\n<p>&nbsp;<\/p>\n<p><strong>Podaci preuzeti sa slu\u017ebene <a href=\"https:\/\/www.azvo.hr\/hr\/visoko-obrazovanje\/visoka-ucilista\">web stranice <\/a>\u00a0Agencije za znanost i visoko obrazovanje.<\/strong><\/p>\n","protected":false},"excerpt":{"rendered":"<p>U Hrvatskoj postoji ukupno 10 sveu\u010dili\u0161ta, 8 dr\u017eavnih i 2 privatna \u2013 Sveu\u010dili\u0161te Libertas i Hrvatsko katoli\u010dko sveu\u010dili\u0161te. Sve druge visoko\u0161kolske institucije su visoke \u0161kole ili veleu\u010dili\u0161ta. Sveu\u010dili\u0161te u Zagrebu Sveu\u010dili\u0161te Libertas (Zagreb) Hrvatsko katoli\u010dko sveu\u010dili\u0161te (Zagreb) Sveu\u010dili\u0161te J. J. Strossmayera (Osijek) Sveu\u010dili\u0161te Juraj Dobrila (Pula) Sveu\u010dili\u0161te u Rijeci Sveu\u010dili\u0161te u Zadru Sveu\u010dili\u0161te u Splitu [&hellip;]<\/p>\n","protected":false},"author":5,"featured_media":15371,"comment_status":"closed","ping_status":"open","sticky":false,"template":"","format":"standard","meta":{"footnotes":""},"categories":[24],"tags":[],"class_list":["post-15370","post","type-post","status-publish","format-standard","has-post-thumbnail","hentry","category-novosti"],"_links":{"self":[{"href":"https:\/\/www.libertas.hr\/en\/wp-json\/wp\/v2\/posts\/15370","targetHints":{"allow":["GET"]}}],"collection":[{"href":"https:\/\/www.libertas.hr\/en\/wp-json\/wp\/v2\/posts"}],"about":[{"href":"https:\/\/www.libertas.hr\/en\/wp-json\/wp\/v2\/types\/post"}],"author":[{"embeddable":true,"href":"https:\/\/www.libertas.hr\/en\/wp-json\/wp\/v2\/users\/5"}],"replies":[{"embeddable":true,"href":"https:\/\/www.libertas.hr\/en\/wp-json\/wp\/v2\/comments?post=15370"}],"version-history":[{"count":1,"href":"https:\/\/www.libertas.hr\/en\/wp-json\/wp\/v2\/posts\/15370\/revisions"}],"predecessor-version":[{"id":15776,"href":"https:\/\/www.libertas.hr\/en\/wp-json\/wp\/v2\/posts\/15370\/revisions\/15776"}],"wp:featuredmedia":[{"embeddable":true,"href":"https:\/\/www.libertas.hr\/en\/wp-json\/wp\/v2\/media\/15371"}],"wp:attachment":[{"href":"https:\/\/www.libertas.hr\/en\/wp-json\/wp\/v2\/media?parent=15370"}],"wp:term":[{"taxonomy":"category","embeddable":true,"href":"https:\/\/www.libertas.hr\/en\/wp-json\/wp\/v2\/categories?post=15370"},{"taxonomy":"post_tag","embeddable":true,"href":"https:\/\/www.libertas.hr\/en\/wp-json\/wp\/v2\/tags?post=15370"}],"curies":[{"name":"wp","href":"https:\/\/api.w.org\/{rel}","templated":true}]}}