{"id":15285,"date":"2020-12-14T14:39:29","date_gmt":"2020-12-14T14:39:29","guid":{"rendered":"https:\/\/www.libertas.hr\/uncategorized-hr\/veleposlanik-sr-njemacke-nj-e-dr-robert-klinke-odrzao-gostujuce-predavanje\/"},"modified":"2020-12-14T14:39:29","modified_gmt":"2020-12-14T14:39:29","slug":"veleposlanik-sr-njemacke-nj-e-dr-robert-klinke-odrzao-gostujuce-predavanje","status":"publish","type":"post","link":"https:\/\/www.libertas.hr\/en\/novosti\/veleposlanik-sr-njemacke-nj-e-dr-robert-klinke-odrzao-gostujuce-predavanje\/","title":{"rendered":"Veleposlanik SR Njema\u010dke Nj.E. dr. Robert Klinke odr\u017eao gostuju\u0107e predavanje"},"content":{"rendered":"<figure id=\"attachment_14463\" aria-describedby=\"caption-attachment-14463\" style=\"width: 1230px\" class=\"wp-caption aligncenter\"><a href=\"https:\/\/www.libertas.hr\/wp-content\/uploads\/2020\/12\/botschafter-klinke-2019-lebenslauf.jpg\"><img fetchpriority=\"high\" decoding=\"async\" class=\"wp-image-14463 size-full\" src=\"https:\/\/www.libertas.hr\/wp-content\/uploads\/2020\/12\/botschafter-klinke-2019-lebenslauf.jpg\" alt=\"\" width=\"1230\" height=\"550\" \/><\/a><figcaption id=\"caption-attachment-14463\" class=\"wp-caption-text\">Veleposlanik dr. Robert Klinke, \u00a9 picture alliance\/Kay Nietfeld\/dpa &#8211; Njema\u010dko velposlanstvo u Zagrebu<\/figcaption><\/figure>\n<p>Danas je studentima 2. godine preddiplomskog sveu\u010dili\u0161nog studija Me\u0111unarodnih odnosa online predavanje odr\u017eao veleposlanik Savezne Republike Njema\u010dke, <strong>Nj.E. Dr. Robert Klinke<\/strong>. Veleposlanik je studentima govorio o predsjedanju Njema\u010dke Vije\u0107em Europske unije, te o drugim politi\u010dkim doga\u0111anjima iz fokusa Njema\u010dke. Studenti su veleposlaniku Klinkeu uputili vi\u0161e pitanja, posebno ona vezana uz diplomatsku djelatnost u doba pandemije.<\/p>\n","protected":false},"excerpt":{"rendered":"<p>Danas je studentima 2. godine preddiplomskog sveu\u010dili\u0161nog studija Me\u0111unarodnih odnosa online predavanje odr\u017eao veleposlanik Savezne Republike Njema\u010dke, Nj.E. Dr. Robert Klinke. Veleposlanik je studentima govorio o predsjedanju Njema\u010dke Vije\u0107em Europske unije, te o drugim politi\u010dkim doga\u0111anjima iz fokusa Njema\u010dke. Studenti su veleposlaniku Klinkeu uputili vi\u0161e pitanja, posebno ona vezana uz diplomatsku djelatnost u doba pandemije.<\/p>\n","protected":false},"author":5,"featured_media":15283,"comment_status":"closed","ping_status":"open","sticky":false,"template":"","format":"standard","meta":{"footnotes":""},"categories":[24],"tags":[],"class_list":["post-15285","post","type-post","status-publish","format-standard","has-post-thumbnail","hentry","category-novosti"],"_links":{"self":[{"href":"https:\/\/www.libertas.hr\/en\/wp-json\/wp\/v2\/posts\/15285","targetHints":{"allow":["GET"]}}],"collection":[{"href":"https:\/\/www.libertas.hr\/en\/wp-json\/wp\/v2\/posts"}],"about":[{"href":"https:\/\/www.libertas.hr\/en\/wp-json\/wp\/v2\/types\/post"}],"author":[{"embeddable":true,"href":"https:\/\/www.libertas.hr\/en\/wp-json\/wp\/v2\/users\/5"}],"replies":[{"embeddable":true,"href":"https:\/\/www.libertas.hr\/en\/wp-json\/wp\/v2\/comments?post=15285"}],"version-history":[{"count":0,"href":"https:\/\/www.libertas.hr\/en\/wp-json\/wp\/v2\/posts\/15285\/revisions"}],"wp:featuredmedia":[{"embeddable":true,"href":"https:\/\/www.libertas.hr\/en\/wp-json\/wp\/v2\/media\/15283"}],"wp:attachment":[{"href":"https:\/\/www.libertas.hr\/en\/wp-json\/wp\/v2\/media?parent=15285"}],"wp:term":[{"taxonomy":"category","embeddable":true,"href":"https:\/\/www.libertas.hr\/en\/wp-json\/wp\/v2\/categories?post=15285"},{"taxonomy":"post_tag","embeddable":true,"href":"https:\/\/www.libertas.hr\/en\/wp-json\/wp\/v2\/tags?post=15285"}],"curies":[{"name":"wp","href":"https:\/\/api.w.org\/{rel}","templated":true}]}}