{"id":14157,"date":"2021-09-08T08:12:25","date_gmt":"2021-09-08T08:12:25","guid":{"rendered":"https:\/\/www.libertas.hr\/uncategorized-hr\/na-libertas-medunarodnom-sveucilistu-u-dubrovniku-zapocela-nova-akademska-godina\/"},"modified":"2021-09-08T08:12:25","modified_gmt":"2021-09-08T08:12:25","slug":"na-libertas-medunarodnom-sveucilistu-u-dubrovniku-zapocela-nova-akademska-godina","status":"publish","type":"post","link":"https:\/\/www.libertas.hr\/en\/novosti\/na-libertas-medunarodnom-sveucilistu-u-dubrovniku-zapocela-nova-akademska-godina\/","title":{"rendered":"Na Libertas me\u0111unarodnom sveu\u010dili\u0161tu u Dubrovniku zapo\u010dela nova akademska godina"},"content":{"rendered":"<p>6. rujna 2021. godine Libertas me\u0111unarodno sveu\u010dili\u0161te u Dubrovniku je zapo\u010delo s novom akademskom godinom.<br \/>\nVoditelj podru\u017enice Dubrovnik profesor Milan Peri\u0107 srda\u010dno je pozdravio sve nove studentice i studente koji su prepoznali Libertas me\u0111unarodno sveu\u010dili\u0161te kao mjesto na kojem \u0107e se obrazovati za svoje budu\u0107e karijere \u010dime \u0107e sigurno doprinijeti dubrova\u010dkom gospodarstvu.<br \/>\nOve godine sveu\u010dili\u0161tu su se pridru\u017eili i studenti iz Sjedinjenih Ameri\u010dkih Dr\u017eava i Njema\u010dke te su time dodatno obogatili me\u0111unarodno okru\u017eenje prvog privatnog sveu\u010dili\u0161ta u Republici Hrvatskoj.<\/p>\n<p>Svim studentima i studenticama sveu\u010dili\u0161ta Libertas \u017eelimo ugodan i uspje\u0161an po\u010detak akademske godine!<\/p>\n<p><img fetchpriority=\"high\" decoding=\"async\" class=\"alignleft size-full wp-image-16237\" src=\"https:\/\/www.libertas.hr\/wp-content\/uploads\/2021\/09\/pocetak_nastave_dubronik2.jpeg\" alt=\"\" width=\"2048\" height=\"1536\" \/><\/p>\n<p><img decoding=\"async\" class=\"alignleft size-full wp-image-16234\" src=\"https:\/\/www.libertas.hr\/wp-content\/uploads\/2021\/09\/pocetak_nastave_dubrovnik1.jpeg\" alt=\"\" width=\"2048\" height=\"1537\" \/><\/p>\n<p>&nbsp;<\/p>\n<p>&nbsp;<\/p>\n","protected":false},"excerpt":{"rendered":"<p>6. rujna 2021. godine Libertas me\u0111unarodno sveu\u010dili\u0161te u Dubrovniku je zapo\u010delo s novom akademskom godinom. Voditelj podru\u017enice Dubrovnik profesor Milan Peri\u0107 srda\u010dno je pozdravio sve nove studentice i studente koji su prepoznali Libertas me\u0111unarodno sveu\u010dili\u0161te kao mjesto na kojem \u0107e se obrazovati za svoje budu\u0107e karijere \u010dime \u0107e sigurno doprinijeti dubrova\u010dkom gospodarstvu. Ove godine sveu\u010dili\u0161tu [&hellip;]<\/p>\n","protected":false},"author":5,"featured_media":14155,"comment_status":"closed","ping_status":"open","sticky":false,"template":"","format":"standard","meta":{"footnotes":""},"categories":[24],"tags":[],"class_list":["post-14157","post","type-post","status-publish","format-standard","has-post-thumbnail","hentry","category-novosti"],"_links":{"self":[{"href":"https:\/\/www.libertas.hr\/en\/wp-json\/wp\/v2\/posts\/14157","targetHints":{"allow":["GET"]}}],"collection":[{"href":"https:\/\/www.libertas.hr\/en\/wp-json\/wp\/v2\/posts"}],"about":[{"href":"https:\/\/www.libertas.hr\/en\/wp-json\/wp\/v2\/types\/post"}],"author":[{"embeddable":true,"href":"https:\/\/www.libertas.hr\/en\/wp-json\/wp\/v2\/users\/5"}],"replies":[{"embeddable":true,"href":"https:\/\/www.libertas.hr\/en\/wp-json\/wp\/v2\/comments?post=14157"}],"version-history":[{"count":0,"href":"https:\/\/www.libertas.hr\/en\/wp-json\/wp\/v2\/posts\/14157\/revisions"}],"wp:featuredmedia":[{"embeddable":true,"href":"https:\/\/www.libertas.hr\/en\/wp-json\/wp\/v2\/media\/14155"}],"wp:attachment":[{"href":"https:\/\/www.libertas.hr\/en\/wp-json\/wp\/v2\/media?parent=14157"}],"wp:term":[{"taxonomy":"category","embeddable":true,"href":"https:\/\/www.libertas.hr\/en\/wp-json\/wp\/v2\/categories?post=14157"},{"taxonomy":"post_tag","embeddable":true,"href":"https:\/\/www.libertas.hr\/en\/wp-json\/wp\/v2\/tags?post=14157"}],"curies":[{"name":"wp","href":"https:\/\/api.w.org\/{rel}","templated":true}]}}