{"id":14068,"date":"2021-06-15T13:23:17","date_gmt":"2021-06-15T13:23:17","guid":{"rendered":"https:\/\/www.libertas.hr\/uncategorized-hr\/dodjela-zahvalnica\/"},"modified":"2021-06-15T13:23:17","modified_gmt":"2021-06-15T13:23:17","slug":"dodjela-zahvalnica","status":"publish","type":"post","link":"https:\/\/www.libertas.hr\/en\/novosti\/dodjela-zahvalnica\/","title":{"rendered":"Dodjela zahvalnica"},"content":{"rendered":"<p>U ponedjeljak, 14. lipnja 2021. godine u prostorijama Sveu\u010dili\u0161ta Libertas odr\u017eana je sve\u010danost dodjele zahvalnica\u00a0studenticama\u00a0i studentima za doprinos u\u00a0studentskim\u00a0novinama\u00a0<i>Liberta<wbr \/>s.<\/i>\u00a0Zahvalnice je dodijelio\u00a0rektor, prof.\u00a0<a href=\"http:\/\/dr.sc\/\" target=\"_blank\" rel=\"noopener noreferrer\" data-saferedirecturl=\"https:\/\/www.google.com\/url?q=http:\/\/dr.sc\/&amp;source=gmail&amp;ust=1623837476072000&amp;usg=AFQjCNGSBw7xtkw-nSEj77ItdARdCyxm2Q\">dr. sc<\/a>. Du\u0161ko Pavlovi\u0107\u00a0 uz prisustvo doc.dr. sc. Vladimira Filipovi\u0107a, koordinatora aktivnosti na pripremama i objavama sveu\u010dili\u0161nih novina Libertas.<\/p>\n<p>&nbsp;<\/p>\n<div id='gallery-1' class='gallery galleryid-14068 gallery-columns-3 gallery-size-thumbnail'><figure class='gallery-item'>\n\t\t\t<div class='gallery-icon landscape'>\n\t\t\t\t<a href='https:\/\/www.libertas.hr\/wp-content\/uploads\/2018\/12\/IMG_0148.jpg'><img decoding=\"async\" width=\"150\" height=\"150\" src=\"https:\/\/www.libertas.hr\/wp-content\/uploads\/2018\/12\/IMG_0148-150x150.jpg\" class=\"attachment-thumbnail size-thumbnail\" alt=\"\" \/><\/a>\n\t\t\t<\/div><\/figure>\n\t\t<\/div>\n\n","protected":false},"excerpt":{"rendered":"<p>U ponedjeljak, 14. lipnja 2021. godine u prostorijama Sveu\u010dili\u0161ta Libertas odr\u017eana je sve\u010danost dodjele zahvalnica\u00a0studenticama\u00a0i studentima za doprinos u\u00a0studentskim\u00a0novinama\u00a0Libertas.\u00a0Zahvalnice je dodijelio\u00a0rektor, prof.\u00a0dr. sc. Du\u0161ko Pavlovi\u0107\u00a0 uz prisustvo doc.dr. sc. Vladimira Filipovi\u0107a, koordinatora aktivnosti na pripremama i objavama sveu\u010dili\u0161nih novina Libertas. &nbsp;<\/p>\n","protected":false},"author":5,"featured_media":14069,"comment_status":"closed","ping_status":"open","sticky":false,"template":"","format":"standard","meta":{"footnotes":""},"categories":[24],"tags":[],"class_list":["post-14068","post","type-post","status-publish","format-standard","has-post-thumbnail","hentry","category-novosti"],"_links":{"self":[{"href":"https:\/\/www.libertas.hr\/en\/wp-json\/wp\/v2\/posts\/14068","targetHints":{"allow":["GET"]}}],"collection":[{"href":"https:\/\/www.libertas.hr\/en\/wp-json\/wp\/v2\/posts"}],"about":[{"href":"https:\/\/www.libertas.hr\/en\/wp-json\/wp\/v2\/types\/post"}],"author":[{"embeddable":true,"href":"https:\/\/www.libertas.hr\/en\/wp-json\/wp\/v2\/users\/5"}],"replies":[{"embeddable":true,"href":"https:\/\/www.libertas.hr\/en\/wp-json\/wp\/v2\/comments?post=14068"}],"version-history":[{"count":0,"href":"https:\/\/www.libertas.hr\/en\/wp-json\/wp\/v2\/posts\/14068\/revisions"}],"wp:featuredmedia":[{"embeddable":true,"href":"https:\/\/www.libertas.hr\/en\/wp-json\/wp\/v2\/media\/14069"}],"wp:attachment":[{"href":"https:\/\/www.libertas.hr\/en\/wp-json\/wp\/v2\/media?parent=14068"}],"wp:term":[{"taxonomy":"category","embeddable":true,"href":"https:\/\/www.libertas.hr\/en\/wp-json\/wp\/v2\/categories?post=14068"},{"taxonomy":"post_tag","embeddable":true,"href":"https:\/\/www.libertas.hr\/en\/wp-json\/wp\/v2\/tags?post=14068"}],"curies":[{"name":"wp","href":"https:\/\/api.w.org\/{rel}","templated":true}]}}