{"id":13970,"date":"2021-04-20T09:37:58","date_gmt":"2021-04-20T09:37:58","guid":{"rendered":"https:\/\/www.libertas.hr\/uncategorized-hr\/obrana-sinopsisa-disertacije-marin-zekaj-mag-rel-int-et-dip\/"},"modified":"2021-04-20T09:37:58","modified_gmt":"2021-04-20T09:37:58","slug":"obrana-sinopsisa-disertacije-marin-zekaj-mag-rel-int-et-dip","status":"publish","type":"post","link":"https:\/\/www.libertas.hr\/en\/novosti\/obrana-sinopsisa-disertacije-marin-zekaj-mag-rel-int-et-dip\/","title":{"rendered":"Obrana sinopsisa disertacije \u2013 MARIN  ZEKAJ, mag. rel. int. et dip."},"content":{"rendered":"<p>U ponedjeljak \u00a03. svibnja 2021. godine s po\u010detkom u 17:00 sati\u00a0 <strong>MARIN\u00a0 ZEKAJ<\/strong>,\u00a0mag. rel. int. et dip.\u00a0\u00a0\u00a0javno brani temu disertacije pod naslovom \u201c<i>Socio-psiholo\u0161ki aspekt me\u0111unarodnih ilegalnih migracija u Republici Hrvatskoj: ispitivanje percepcije javnosti<\/i>\u00a0\u201c \u00a0pred stru\u010dnim povjerenstvom u sastavu: \u00a0prof. dr. sc. <strong>Slaven Ravli\u0107<\/strong> (predsjednik), \u00a0prof. dr. sc. <strong>Tihomir Vrane\u0161evi\u0107<\/strong> (clan) i izv. prof. dr. sc. <strong>Vera \u0106ubela Adori\u0107<\/strong> (\u010dlan). Obrana \u0107e se odr\u017eati putem video prijenosa u aplikaciji Google Meet i mo\u0107i \u0107e se pratiti preko poveznice:\u00a0\u00a0<a href=\"https:\/\/meet.google.com\/yyv-airt-ctw?hs=224\" target=\"_blank\" rel=\"noopener noreferrer\" data-saferedirecturl=\"https:\/\/www.google.com\/url?q=https:\/\/meet.google.com\/yyv-airt-ctw?hs%3D224&amp;source=gmail&amp;ust=1618997377150000&amp;usg=AFQjCNG1nXh8vb5jRJk7BtCGLZdOl1RSUg\">https:\/\/meet.google.com\/yyv-<wbr \/>airt-ctw?hs=224<\/a>\u00a0ili putem mobitela\u00a0(HR)\u00a0<a href=\"tel:+385-1-2772-814;137784669\" target=\"_blank\" rel=\"noopener noreferrer\">+385 1 2772 814<\/a>\u00a0(PIN: 137784669)<\/p>\n","protected":false},"excerpt":{"rendered":"<p>U ponedjeljak \u00a03. svibnja 2021. godine s po\u010detkom u 17:00 sati\u00a0 MARIN\u00a0 ZEKAJ,\u00a0mag. rel. int. et dip.\u00a0\u00a0\u00a0javno brani temu disertacije pod naslovom \u201cSocio-psiholo\u0161ki aspekt me\u0111unarodnih ilegalnih migracija u Republici Hrvatskoj: ispitivanje percepcije javnosti\u00a0\u201c \u00a0pred stru\u010dnim povjerenstvom u sastavu: \u00a0prof. dr. sc. Slaven Ravli\u0107 (predsjednik), \u00a0prof. dr. sc. Tihomir Vrane\u0161evi\u0107 (clan) i izv. prof. dr. sc. [&hellip;]<\/p>\n","protected":false},"author":5,"featured_media":13971,"comment_status":"closed","ping_status":"open","sticky":false,"template":"","format":"standard","meta":{"footnotes":""},"categories":[24],"tags":[],"class_list":["post-13970","post","type-post","status-publish","format-standard","has-post-thumbnail","hentry","category-novosti"],"_links":{"self":[{"href":"https:\/\/www.libertas.hr\/en\/wp-json\/wp\/v2\/posts\/13970","targetHints":{"allow":["GET"]}}],"collection":[{"href":"https:\/\/www.libertas.hr\/en\/wp-json\/wp\/v2\/posts"}],"about":[{"href":"https:\/\/www.libertas.hr\/en\/wp-json\/wp\/v2\/types\/post"}],"author":[{"embeddable":true,"href":"https:\/\/www.libertas.hr\/en\/wp-json\/wp\/v2\/users\/5"}],"replies":[{"embeddable":true,"href":"https:\/\/www.libertas.hr\/en\/wp-json\/wp\/v2\/comments?post=13970"}],"version-history":[{"count":0,"href":"https:\/\/www.libertas.hr\/en\/wp-json\/wp\/v2\/posts\/13970\/revisions"}],"wp:featuredmedia":[{"embeddable":true,"href":"https:\/\/www.libertas.hr\/en\/wp-json\/wp\/v2\/media\/13971"}],"wp:attachment":[{"href":"https:\/\/www.libertas.hr\/en\/wp-json\/wp\/v2\/media?parent=13970"}],"wp:term":[{"taxonomy":"category","embeddable":true,"href":"https:\/\/www.libertas.hr\/en\/wp-json\/wp\/v2\/categories?post=13970"},{"taxonomy":"post_tag","embeddable":true,"href":"https:\/\/www.libertas.hr\/en\/wp-json\/wp\/v2\/tags?post=13970"}],"curies":[{"name":"wp","href":"https:\/\/api.w.org\/{rel}","templated":true}]}}