{"id":13955,"date":"2021-04-13T08:24:11","date_gmt":"2021-04-13T08:24:11","guid":{"rendered":"https:\/\/www.libertas.hr\/uncategorized-hr\/rezultati-natjecaja-za-erasmus-program-2\/"},"modified":"2021-04-13T08:24:11","modified_gmt":"2021-04-13T08:24:11","slug":"rezultati-natjecaja-za-erasmus-program-2","status":"publish","type":"post","link":"https:\/\/www.libertas.hr\/en\/novosti\/rezultati-natjecaja-za-erasmus-program-2\/","title":{"rendered":"Rezultati natje\u010daja za Erasmus+ program"},"content":{"rendered":"<p><a href=\"https:\/\/arhiva.libertas.hr\/wp-content\/uploads\/2020\/10\/Erasmus.png\"><img fetchpriority=\"high\" decoding=\"async\" class=\"aligncenter wp-image-13944 size-medium\" src=\"https:\/\/www.libertas.hr\/wp-content\/uploads\/2020\/10\/Erasmus-300x168-1.png\" alt=\"\" width=\"300\" height=\"168\" \/><\/a>Proveden je natje\u010daj za me\u0111unarodnu razmjenu studenata u sklopu Erasmus+ programa 2019-1-HR01-KA103- 060317. Svi izabrani studenti bit \u0107e u narednim danima kontaktirani o daljnjim koracima od strane <strong>Ureda za me\u0111unarodnu suradnju Libertas me\u0111unarodnog sveu\u010dili\u0161ta<\/strong>. U nastavku donosimo popis studenata Sveu\u010dili\u0161ta Libertas koji su ostvarili pravo sudjelovanja na Erasmus+ programu.<\/p>\n[table \u201c63\u201d not found \/]<br \/>\n\n<p>\u010cestitamo svim kanditatima!<\/p>\n","protected":false},"excerpt":{"rendered":"<p>Proveden je natje\u010daj za me\u0111unarodnu razmjenu studenata u sklopu Erasmus+ programa 2019-1-HR01-KA103- 060317. Svi izabrani studenti bit \u0107e u narednim danima kontaktirani o daljnjim koracima od strane Ureda za me\u0111unarodnu suradnju Libertas me\u0111unarodnog sveu\u010dili\u0161ta. U nastavku donosimo popis studenata Sveu\u010dili\u0161ta Libertas koji su ostvarili pravo sudjelovanja na Erasmus+ programu. \u010cestitamo svim kanditatima!<\/p>\n","protected":false},"author":5,"featured_media":11107,"comment_status":"closed","ping_status":"open","sticky":false,"template":"","format":"standard","meta":{"footnotes":""},"categories":[24],"tags":[],"class_list":["post-13955","post","type-post","status-publish","format-standard","has-post-thumbnail","hentry","category-novosti"],"_links":{"self":[{"href":"https:\/\/www.libertas.hr\/en\/wp-json\/wp\/v2\/posts\/13955","targetHints":{"allow":["GET"]}}],"collection":[{"href":"https:\/\/www.libertas.hr\/en\/wp-json\/wp\/v2\/posts"}],"about":[{"href":"https:\/\/www.libertas.hr\/en\/wp-json\/wp\/v2\/types\/post"}],"author":[{"embeddable":true,"href":"https:\/\/www.libertas.hr\/en\/wp-json\/wp\/v2\/users\/5"}],"replies":[{"embeddable":true,"href":"https:\/\/www.libertas.hr\/en\/wp-json\/wp\/v2\/comments?post=13955"}],"version-history":[{"count":0,"href":"https:\/\/www.libertas.hr\/en\/wp-json\/wp\/v2\/posts\/13955\/revisions"}],"wp:featuredmedia":[{"embeddable":true,"href":"https:\/\/www.libertas.hr\/en\/wp-json\/wp\/v2\/media\/11107"}],"wp:attachment":[{"href":"https:\/\/www.libertas.hr\/en\/wp-json\/wp\/v2\/media?parent=13955"}],"wp:term":[{"taxonomy":"category","embeddable":true,"href":"https:\/\/www.libertas.hr\/en\/wp-json\/wp\/v2\/categories?post=13955"},{"taxonomy":"post_tag","embeddable":true,"href":"https:\/\/www.libertas.hr\/en\/wp-json\/wp\/v2\/tags?post=13955"}],"curies":[{"name":"wp","href":"https:\/\/api.w.org\/{rel}","templated":true}]}}